{"id":14882,"date":"2023-06-06T06:03:39","date_gmt":"2023-06-06T06:03:39","guid":{"rendered":"https:\/\/caritasrwanda.org\/fr\/?p=14882"},"modified":"2023-06-06T06:03:39","modified_gmt":"2023-06-06T06:03:39","slug":"rutsiro-limpact-positif-des-cliniques-gbv-dans-lamelioration-des-relations-entre-les-meres-adolescentes-et-leurs-familles","status":"publish","type":"post","link":"https:\/\/caritasrwanda.org\/fr\/rutsiro-limpact-positif-des-cliniques-gbv-dans-lamelioration-des-relations-entre-les-meres-adolescentes-et-leurs-familles\/","title":{"rendered":"Rutsiro : L\u2019impact positif des cliniques GBV dans l\u2019am\u00e9lioration des relations entre les m\u00e8res adolescentes et leurs familles"},"content":{"rendered":"<p>Afin de mesurer l\u2019impact des cliniques GBV (sigle anglais d\u00e9signant la Violence Bas\u00e9e sur le Genre) qui ont eu lieu en d\u00e9cembre 2022, du 31 Mai au 1er Juin 2023, Caritas Rwanda \u00e0 travers son programme Igire_Gimbuka a rencontr\u00e9 31 m\u00e8res adolescentes du District de Rutsiro qui ont particip\u00e9 dans ces cliniques GBV. Celles qui ont montr\u00e9 l\u2019int\u00e9r\u00eat de retourner \u00e0 l&#8217;\u00e9cole et dont les parents ont accept\u00e9 de s\u2019occuper des enfants ont \u00e9t\u00e9 r\u00e9pertori\u00e9es, et le Programme se chargera de les inscrire dans les \u00e9coles secondaires pour qu\u2019elles recommencent leurs \u00e9tudes en Septembre 2023, et leur fournira du mat\u00e9riel scolaire.<\/p>\n<figure id=\"attachment_14884\" aria-describedby=\"caption-attachment-14884\" style=\"width: 570px\" class=\"wp-caption aligncenter\"><img loading=\"lazy\" decoding=\"async\" class=\"size-medium wp-image-14884\" src=\"https:\/\/caritasrwanda.org\/fr\/wp-content\/uploads\/2023\/06\/162A2357-570x430.jpg\" alt=\"\" width=\"570\" height=\"430\" \/><figcaption id=\"caption-attachment-14884\" class=\"wp-caption-text\">Le responsable de la sant\u00e9 mentale et l\u2019accompagnement psychosocial dans le Programme Igire-Gimbuka en discussion avec l&#8217;une des m\u00e8res adolescentes du District de Rutsiro.<\/figcaption><\/figure>\n<p>En D\u00e9cembre 2022, 89 m\u00e8res adolescentes en provenance des Districts de Rutsiro (39) et Nyamasheke (50) accompagn\u00e9es de leurs parents ont particip\u00e9 dans les cliniques GBV organis\u00e9es par Caritas Rwanda \u00e0 travers son programme Igire-Gimbuka. Pendant trois jours, ils ont b\u00e9n\u00e9fici\u00e9 de plusieurs services, notamment l\u2019accompagnement psychologique avec leurs parents, le d\u00e9pistage volontaire du VIH, acquisition de connaissances dans la formulation \u00a0des nouvelles plaintes et \u00e0 acc\u00e9der aux services nationaux d\u2019Etat civil (enregistrement de naissances), mesurer le poids et la taille de leurs enfants, pour prodiguer des conseils aux m\u00e8res adolescentes si les mesures n&#8217;\u00e9taient pas satisfaisantes.<\/p>\n<figure id=\"attachment_14885\" aria-describedby=\"caption-attachment-14885\" style=\"width: 570px\" class=\"wp-caption aligncenter\"><img loading=\"lazy\" decoding=\"async\" class=\"size-medium wp-image-14885\" src=\"https:\/\/caritasrwanda.org\/fr\/wp-content\/uploads\/2023\/06\/162A6875-570x430.jpg\" alt=\"\" width=\"570\" height=\"430\" \/><figcaption id=\"caption-attachment-14885\" class=\"wp-caption-text\">Mesure du poids et la taille de leurs enfants, pour prodiguer des conseils aux m\u00e8res adolescentes si les mesures n&#8217;\u00e9taient pas satisfaisantes.<\/figcaption><\/figure>\n<p>Apr\u00e8s la participation dans les cliniques GBV, 25 m\u00e8res adolescentes ont re\u00e7u 150.000 Frw chacune pour mettre sur pied des activit\u00e9s g\u00e9n\u00e9ratrices de revenu (agriculture, petit commerce), et le Programme continuera de procurer de l\u2019aide financi\u00e8re pour d\u2019autres dans le besoin. En Mai dernier, 11 de ces m\u00e8res adolescentes ont d\u00e9j\u00e0 commenc\u00e9 les formations professionnelles vocationnelles (TVET) apr\u00e8s que leurs parents ont accept\u00e9 d\u2019assurer la garde des enfants.<\/p>\n<p>Au 31 Mai et au 1<sup>er<\/sup> juin 2023, le responsable de la lutte contre la Violence Bas\u00e9e sur le Genre et celui charg\u00e9 de la sant\u00e9 mentale et l\u2019accompagnement psychosocial dans le Programme Igire-Gimbuka ont rencontr\u00e9 31 m\u00e8res adolescentes de Rutsiro qui avaient particip\u00e9 dans les cliniques GBV en D\u00e9cembre 2022, pour voir si ces derni\u00e8res ont eu un impact positif dans la vie des m\u00e8res adolescentes ainsi que celle de leurs familles.<\/p>\n<p>Comme l\u2019un des r\u00e9sultats des cliniques GBV, les discussions avec les m\u00e8res adolescentes (une \u00e0 une) ont montr\u00e9 que les cliniques GBV ont contribu\u00e9 \u00e0 l\u2019am\u00e9lioration des relations de ces enfants avec leurs familles car ils ne les harc\u00e8lent plus, et ont affirm\u00e9 \u00a0qu\u2019elles sont reconnaissantes pour cela. En plus, celles qui ont re\u00e7u le soutien financier l&#8217;utilisent efficacement et gagnent de l\u2019argent pour s\u2019occuper de leurs enfants. A ces r\u00e9sultats s\u2019ajoute le fait que certaines d\u2019entre elles ont exprim\u00e9 l\u2019int\u00e9r\u00eat de continuer leurs \u00e9tudes, que ce soit dans les \u00e9tudes secondaires ou les \u00e9tablissements des formations professionnelles vocationnelles.<\/p>\n","protected":false},"excerpt":{"rendered":"<p>On the 3rd of June, the steering committee meeting of the Slovenia Government and Karitas Slovenija-funded Tube Aheza, Amazi Hafi Project was held at Home Saint-Jean. The meeting was graced by the Karongi district Vice Mayor in charge of Finance and Economic Development Mr NIRAGIRE Th\u00e9ophile, Mr NIYONSABA Cyriack, the Executive Secretary of the Rugabano sector and priests from the Gisovu, Nyange and Mukungu parishes located in the sectors<\/p>\n","protected":false},"author":1,"featured_media":14883,"comment_status":"open","ping_status":"open","sticky":false,"template":"","format":"standard","meta":{"footnotes":""},"categories":[30],"tags":[7,10],"class_list":["post-14882","post","type-post","status-publish","format-standard","has-post-thumbnail","hentry","category-news","tag-business","tag-travel"],"_links":{"self":[{"href":"https:\/\/caritasrwanda.org\/fr\/wp-json\/wp\/v2\/posts\/14882","targetHints":{"allow":["GET"]}}],"collection":[{"href":"https:\/\/caritasrwanda.org\/fr\/wp-json\/wp\/v2\/posts"}],"about":[{"href":"https:\/\/caritasrwanda.org\/fr\/wp-json\/wp\/v2\/types\/post"}],"author":[{"embeddable":true,"href":"https:\/\/caritasrwanda.org\/fr\/wp-json\/wp\/v2\/users\/1"}],"replies":[{"embeddable":true,"href":"https:\/\/caritasrwanda.org\/fr\/wp-json\/wp\/v2\/comments?post=14882"}],"version-history":[{"count":1,"href":"https:\/\/caritasrwanda.org\/fr\/wp-json\/wp\/v2\/posts\/14882\/revisions"}],"predecessor-version":[{"id":14886,"href":"https:\/\/caritasrwanda.org\/fr\/wp-json\/wp\/v2\/posts\/14882\/revisions\/14886"}],"wp:featuredmedia":[{"embeddable":true,"href":"https:\/\/caritasrwanda.org\/fr\/wp-json\/wp\/v2\/media\/14883"}],"wp:attachment":[{"href":"https:\/\/caritasrwanda.org\/fr\/wp-json\/wp\/v2\/media?parent=14882"}],"wp:term":[{"taxonomy":"category","embeddable":true,"href":"https:\/\/caritasrwanda.org\/fr\/wp-json\/wp\/v2\/categories?post=14882"},{"taxonomy":"post_tag","embeddable":true,"href":"https:\/\/caritasrwanda.org\/fr\/wp-json\/wp\/v2\/tags?post=14882"}],"curies":[{"name":"wp","href":"https:\/\/api.w.org\/{rel}","templated":true}]}}