{"id":14878,"date":"2023-05-31T22:05:16","date_gmt":"2023-05-31T22:05:16","guid":{"rendered":"https:\/\/caritasrwanda.org\/fr\/?p=14878"},"modified":"2023-05-31T22:05:16","modified_gmt":"2023-05-31T22:05:16","slug":"reunion-des-responsables-des-oeuvres-socio-caritatives-dans-les-caritas-diocesaines-et-caritas-rwanda","status":"publish","type":"post","link":"https:\/\/caritasrwanda.org\/fr\/reunion-des-responsables-des-oeuvres-socio-caritatives-dans-les-caritas-diocesaines-et-caritas-rwanda\/","title":{"rendered":"R\u00e9union des Responsables des \u0152uvres socio-caritatives dans les Caritas dioc\u00e9saines et Caritas Rwanda"},"content":{"rendered":"<p>Une r\u00e9union des Responsables des \u0152uvres socio-caritatives dans les Caritas dioc\u00e9saines et la Caritas Rwanda s\u2019est tenue ce mardi le 30 Mai 2023, au Centre d\u2019Accueil Bonne Esp\u00e9rance de Kigali. Ils ont partag\u00e9 l\u2019exp\u00e9rience et r\u00e9fl\u00e9chi ensemble sur les moyens d&#8217;am\u00e9liorer l&#8217;animation de la communaut\u00e9 \u00e0 l&#8217;esprit Caritas.<\/p>\n<p>Lors de cette r\u00e9union, les participants ont \u00e9chang\u00e9 des informations sur la mani\u00e8re dont ils m\u00e8nent des actions caritatives et comment ils organisent des animations dans leurs Dioc\u00e8ses, notamment \u00e0 travers les \u00e9coles et les m\u00e9dias de l&#8217;\u00c9glise, \u00e0 savoir Radio Maria Rwanda, Kinyamateka et Pacis TV.<\/p>\n<p>Dans les Caritas dioc\u00e9saines, il y a les repr\u00e9sentants des Caritas dans les communaut\u00e9s eccl\u00e9siales de base et les paroisses qui ont \u00e9t\u00e9 form\u00e9s afin qu&#8217;ils puissent mener \u00e0 bien leur travail d\u2019animation. Selon les responsables des \u0153uvres socio-caritatives pr\u00e9sents dans la r\u00e9union, lors de l\u2019animation, ils expliquent aux gens que Caritas n\u2019est pas du tout une organisation non gouvernementale comme beaucoup le pensent, mais les \u0153uvres de charit\u00e9 faites par une seule personne ou une personne qui s\u2019associe avec une autre en vue d\u2019aider une autre dans le besoin.<\/p>\n<p>Dans son mot d\u2019ouverture lors de la r\u00e9union des Responsables des \u0152uvres Socio-Caritatives, le Secr\u00e9taire G\u00e9n\u00e9ral de la Caritas Rwanda Monsieur l\u2019Abb\u00e9 Oscar Kagimbura, a rappel\u00e9 que Caritas est le c\u0153ur de l\u2019Eglise, car le mot Caritas signifie\u00a0<u>Amour<\/u>. <em>\u201cS&#8217;il n&#8217;y avait pas de l&#8217;amour dans ce que fait l&#8217;\u00c9glise, ce serait une perte de temps. C&#8217;est pourquoi l&#8217;\u00c9glise tient \u00e0 c\u0153ur la Caritas\u201d<\/em>, a-t-il dit.<\/p>\n<figure id=\"attachment_14880\" aria-describedby=\"caption-attachment-14880\" style=\"width: 570px\" class=\"wp-caption aligncenter\"><img loading=\"lazy\" decoding=\"async\" class=\"size-medium wp-image-14880\" src=\"https:\/\/caritasrwanda.org\/fr\/wp-content\/uploads\/2023\/05\/162A2331-570x430.jpg\" alt=\"\" width=\"570\" height=\"430\" \/><figcaption id=\"caption-attachment-14880\" class=\"wp-caption-text\">Abb\u00e9 Oscar Kagimbura, le Secr\u00e9taire G\u00e9n\u00e9ral de la Caritas Rwanda.<\/figcaption><\/figure>\n<p>Abb\u00e9 Oscar a ajout\u00e9 que lorsque les fonds des projets manquent les gens pensent qu&#8217;il n&#8217;y a plus de Caritas, ce qui n&#8217;est pas le cas. Au contraire, toutes les actions de charit\u00e9<span style=\"text-decoration: line-through;\">s<\/span> faites par les chr\u00e9tiens pour t\u00e9moigner l\u2019amour \u00e0 leurs prochains, individuellement ou collectivement, c&#8217;est ce qui signifie Caritas. Il les a encourag\u00e9s \u00e0 accomplir avec z\u00e8le cette noble mission qui leur a \u00e9t\u00e9 confi\u00e9e.<\/p>\n<p>Parmi les points discut\u00e9s par des participants durant la r\u00e9union, figure l\u2019animation aux responsables des \u00e9coles pour les encourager \u00e0 renforcer eux aussi leur animation Caritas dans les \u00e9coles qu\u2019ils dirigent et d\u2019approcher les Pr\u00eatres responsables de la Caritas dans les Dioc\u00e8ses et les Ev\u00eaques pour les encourage<span style=\"text-decoration: line-through;\">r<\/span> \u00e0 faire conna\u00eetre Caritas, expliquer ce qu&#8217;elle est (donner de l&#8217;amour aux gens).<\/p>\n<p>Les responsables du d\u00e9partement des \u0152uvres socio-caritatives des Caritas dioc\u00e9saines et de la Caritas Rwanda se sont convenu de continuer \u00e0 \u00e9changer des id\u00e9es et de faire le partage des exp\u00e9riences r\u00e9guli\u00e8rement afin d\u2019am\u00e9liorer la qualit\u00e9 de leur travail.<\/p>\n","protected":false},"excerpt":{"rendered":"<p>On the 3rd of June, the steering committee meeting of the Slovenia Government and Karitas Slovenija-funded Tube Aheza, Amazi Hafi Project was held at Home Saint-Jean. The meeting was graced by the Karongi district Vice Mayor in charge of Finance and Economic Development Mr NIRAGIRE Th\u00e9ophile, Mr NIYONSABA Cyriack, the Executive Secretary of the Rugabano sector and priests from the Gisovu, Nyange and Mukungu parishes located in the sectors<\/p>\n","protected":false},"author":1,"featured_media":14879,"comment_status":"open","ping_status":"open","sticky":false,"template":"","format":"standard","meta":{"footnotes":""},"categories":[30],"tags":[7,10],"class_list":["post-14878","post","type-post","status-publish","format-standard","has-post-thumbnail","hentry","category-news","tag-business","tag-travel"],"_links":{"self":[{"href":"https:\/\/caritasrwanda.org\/fr\/wp-json\/wp\/v2\/posts\/14878","targetHints":{"allow":["GET"]}}],"collection":[{"href":"https:\/\/caritasrwanda.org\/fr\/wp-json\/wp\/v2\/posts"}],"about":[{"href":"https:\/\/caritasrwanda.org\/fr\/wp-json\/wp\/v2\/types\/post"}],"author":[{"embeddable":true,"href":"https:\/\/caritasrwanda.org\/fr\/wp-json\/wp\/v2\/users\/1"}],"replies":[{"embeddable":true,"href":"https:\/\/caritasrwanda.org\/fr\/wp-json\/wp\/v2\/comments?post=14878"}],"version-history":[{"count":1,"href":"https:\/\/caritasrwanda.org\/fr\/wp-json\/wp\/v2\/posts\/14878\/revisions"}],"predecessor-version":[{"id":14881,"href":"https:\/\/caritasrwanda.org\/fr\/wp-json\/wp\/v2\/posts\/14878\/revisions\/14881"}],"wp:featuredmedia":[{"embeddable":true,"href":"https:\/\/caritasrwanda.org\/fr\/wp-json\/wp\/v2\/media\/14879"}],"wp:attachment":[{"href":"https:\/\/caritasrwanda.org\/fr\/wp-json\/wp\/v2\/media?parent=14878"}],"wp:term":[{"taxonomy":"category","embeddable":true,"href":"https:\/\/caritasrwanda.org\/fr\/wp-json\/wp\/v2\/categories?post=14878"},{"taxonomy":"post_tag","embeddable":true,"href":"https:\/\/caritasrwanda.org\/fr\/wp-json\/wp\/v2\/tags?post=14878"}],"curies":[{"name":"wp","href":"https:\/\/api.w.org\/{rel}","templated":true}]}}