{"id":14865,"date":"2023-05-15T12:12:56","date_gmt":"2023-05-15T12:12:56","guid":{"rendered":"https:\/\/caritasrwanda.org\/fr\/?p=14865"},"modified":"2023-05-22T11:13:40","modified_gmt":"2023-05-22T11:13:40","slug":"reunion-semi-annuelle-du-programme-igire-gimbuka","status":"publish","type":"post","link":"https:\/\/caritasrwanda.org\/fr\/reunion-semi-annuelle-du-programme-igire-gimbuka\/","title":{"rendered":"R\u00e9union semi-annuelle du programme Igire-Gimbuka"},"content":{"rendered":"<p>Du 10 au 13 mai 2023, le Programme Igire-Gimbuka a tenu une r\u00e9union au Centre d&#8217;Accueil M\u00e8re du Verbe-Huye, pour faire le point sur l\u2019impl\u00e9mentation du programme, identifier les lacunes et les obstacles, trouver des solutions ensemble, et planifier les activit\u00e9s pour les 6 prochains mois.<\/p>\n<p>Premi\u00e8rement, les participants dans cette r\u00e9union ont examin\u00e9 ensemble l\u2019\u00e9tat de la mise en \u0153uvre des recommandations prises lors de la r\u00e9union d\u2019orientation du 3 au 7 octobre 2022, et ont conclu qu\u2019elle est en bonne voie avec quelques points en retard qui restent \u00e0 finaliser.<\/p>\n<p>Parmi les nouvelles recommandations prises, figure la priorisation de la bonne communication entre le personnel du Programme, leurs sup\u00e9rieurs mais aussi les diff\u00e9rents partenaires. Dans son allocution \u00e0 la cl\u00f4ture de cette r\u00e9union, le Secr\u00e9taire G\u00e9n\u00e9ral de la Caritas Rwanda, Abb\u00e9 Oscar Kagimbura, est revenu sur la recommandation concernant la communication effective, leur demandant d&#8217;avoir une bonne collaboration avec les dioc\u00e8ses et les paroisses catholiques, en informant les pr\u00eatres sur les diff\u00e9rentes activit\u00e9s du programme. <em>\u201cInvitez-les dans les diff\u00e9rentes activit\u00e9s, tenez-les toujours inform\u00e9 et ils vous apporteront du soutient pour le bon d\u00e9roulement des activit\u00e9s du programme. Comme \u00e7a, le travail sera facile en unissant les forces\u201d<\/em>, a-t-il dit.<\/p>\n<p>Abb\u00e9 Oscar Kagimbura a \u00e9galement appel\u00e9 au personnel du Programme Igire-Gimbuka de promouvoir la bonne image de Caritas Rwanda en accomplissant les t\u00e2ches qui leur ont \u00e9t\u00e9 assign\u00e9 comme il faut, en ayant de bonnes relations avec les partenaires notamment les donateurs. Comme il l\u2019a expliqu\u00e9, en accomplissant comme il faut leur travail, le donateur se contente du fait que ses fonds ont \u00e9t\u00e9 utiles, et donne la priorit\u00e9 \u00e0 l\u2019organisation si une autre opportunit\u00e9 se pr\u00e9sente. Il leur a \u00e9galement rappel\u00e9 que Caritas signifie l&#8217;amour et qu&#8217;ils devraient montrer de l&#8217;amour dans tout ce qu&#8217;ils font.<\/p>\n<p>Dans le cadre d&#8217;une bonne coop\u00e9ration, jeudi le 11 mai 2023 a la fin de la session, Caritas Rwanda a eu un match amical de football avec la Caritas du Dioc\u00e8se de Butare, o\u00f9 la Caritas Rwanda a marqu\u00e9 5 buts contre 1 de Caritas dioc\u00e9saine de Butare.<\/p>\n<figure id=\"attachment_14867\" aria-describedby=\"caption-attachment-14867\" style=\"width: 570px\" class=\"wp-caption aligncenter\"><img loading=\"lazy\" decoding=\"async\" class=\"size-medium wp-image-14867\" src=\"https:\/\/caritasrwanda.org\/fr\/wp-content\/uploads\/2023\/05\/162A1668-570x430.jpg\" alt=\"\" width=\"570\" height=\"430\" \/><figcaption id=\"caption-attachment-14867\" class=\"wp-caption-text\">L&#8217;\u00e9quipe de Caritas Rwanda (en bleu) et l&#8217;\u00e9quipe de la Caritas du dioc\u00e8se de Butare (en jaune).<\/figcaption><\/figure>\n","protected":false},"excerpt":{"rendered":"<p>On the 3rd of June, the steering committee meeting of the Slovenia Government and Karitas Slovenija-funded Tube Aheza, Amazi Hafi Project was held at Home Saint-Jean. The meeting was graced by the Karongi district Vice Mayor in charge of Finance and Economic Development Mr NIRAGIRE Th\u00e9ophile, Mr NIYONSABA Cyriack, the Executive Secretary of the Rugabano sector and priests from the Gisovu, Nyange and Mukungu parishes located in the sectors<\/p>\n","protected":false},"author":1,"featured_media":14866,"comment_status":"open","ping_status":"open","sticky":false,"template":"","format":"standard","meta":{"footnotes":""},"categories":[30],"tags":[7,10],"class_list":["post-14865","post","type-post","status-publish","format-standard","has-post-thumbnail","hentry","category-news","tag-business","tag-travel"],"_links":{"self":[{"href":"https:\/\/caritasrwanda.org\/fr\/wp-json\/wp\/v2\/posts\/14865","targetHints":{"allow":["GET"]}}],"collection":[{"href":"https:\/\/caritasrwanda.org\/fr\/wp-json\/wp\/v2\/posts"}],"about":[{"href":"https:\/\/caritasrwanda.org\/fr\/wp-json\/wp\/v2\/types\/post"}],"author":[{"embeddable":true,"href":"https:\/\/caritasrwanda.org\/fr\/wp-json\/wp\/v2\/users\/1"}],"replies":[{"embeddable":true,"href":"https:\/\/caritasrwanda.org\/fr\/wp-json\/wp\/v2\/comments?post=14865"}],"version-history":[{"count":2,"href":"https:\/\/caritasrwanda.org\/fr\/wp-json\/wp\/v2\/posts\/14865\/revisions"}],"predecessor-version":[{"id":14869,"href":"https:\/\/caritasrwanda.org\/fr\/wp-json\/wp\/v2\/posts\/14865\/revisions\/14869"}],"wp:featuredmedia":[{"embeddable":true,"href":"https:\/\/caritasrwanda.org\/fr\/wp-json\/wp\/v2\/media\/14866"}],"wp:attachment":[{"href":"https:\/\/caritasrwanda.org\/fr\/wp-json\/wp\/v2\/media?parent=14865"}],"wp:term":[{"taxonomy":"category","embeddable":true,"href":"https:\/\/caritasrwanda.org\/fr\/wp-json\/wp\/v2\/categories?post=14865"},{"taxonomy":"post_tag","embeddable":true,"href":"https:\/\/caritasrwanda.org\/fr\/wp-json\/wp\/v2\/tags?post=14865"}],"curies":[{"name":"wp","href":"https:\/\/api.w.org\/{rel}","templated":true}]}}