{"id":14847,"date":"2023-04-07T22:05:51","date_gmt":"2023-04-07T22:05:51","guid":{"rendered":"https:\/\/caritasrwanda.org\/fr\/?p=14847"},"modified":"2023-04-17T21:17:41","modified_gmt":"2023-04-17T21:17:41","slug":"kiziba-les-groupes-soutenus-par-caritas-rwanda-a-travers-le-projet-pac-ont-economise-plus-de-17-millions-de-frw-pendant-10-mois","status":"publish","type":"post","link":"https:\/\/caritasrwanda.org\/fr\/kiziba-les-groupes-soutenus-par-caritas-rwanda-a-travers-le-projet-pac-ont-economise-plus-de-17-millions-de-frw-pendant-10-mois\/","title":{"rendered":"Kiziba : Les groupes soutenus par Caritas Rwanda \u00e0 travers le projet PAC ont \u00e9conomis\u00e9 plus de 17 millions de Frw pendant 10 mois"},"content":{"rendered":"<p>24 groupes d&#8217;\u00e9pargne et de cr\u00e9dit soutenus par le projet PAC de la Caritas Rwanda, constitu\u00e9 de r\u00e9fugi\u00e9s du camp de r\u00e9fugi\u00e9s de Kiziba et de sa communaut\u00e9 d\u2019accueil, ont partag\u00e9 24.035.975 Frw, mercredi le 5 avril 2023 \u00e9pargn\u00e9 sur une p\u00e9riode de 10 mois. Cette somme inclut 17 050 900 Frw d&#8217;\u00e9pargne et les int\u00e9r\u00eats de 6 985 078 Frw.<\/p>\n<p>Les membres de ces groupes ont \u00e9t\u00e9 s\u00e9lectionn\u00e9s parce qu&#8217;ils \u00e9taient dans les familles pauvres, la plupart d&#8217;entre eux appartenant \u00e0 la premi\u00e8re et \u00e0 la deuxi\u00e8me cat\u00e9gories d\u2019Ubudehe. Ils ont \u00e9t\u00e9 s\u00e9lectionn\u00e9s en collaboration avec des autorit\u00e9s locales et les autorit\u00e9s des r\u00e9fugi\u00e9s. Une fois s\u00e9lectionn\u00e9s, ils ont re\u00e7u diverses formations, notamment Changer pour devenir r\u00e9silient, comment exploiter et g\u00e9rer de petites entreprises rentables, la promotion du genre, ainsi qu&#8217;une formation sur l&#8217;agriculture et remplir des livres financiers.<\/p>\n<p>Apr\u00e8s les diff\u00e9rentes formations, ils sont form\u00e9s les groupes d\u2019\u00e9pargne et de cr\u00e9dit interne, o\u00f9 ils disent avoir appris \u00e0 ne plus gaspiller leur argent, \u00e0 utiliser l&#8217;argent qu&#8217;ils ont emprunt\u00e9 \u00e0 ces groupes pour des activit\u00e9s g\u00e9n\u00e9ratrices de revenu, et payer apr\u00e8s avoir obtenu des int\u00e9r\u00eats.<\/p>\n<p>Mukahirwa Denise, un membre de la communaut\u00e9 d\u2019accueil du camp de Kiziba, a d\u00e9clar\u00e9 : <em>\u201cIls nous ont form\u00e9s, ils nous ont encourag\u00e9s \u00e0 former des groupes d\u2019\u00e9pargne. Avant je me demande o\u00f9 je vais trouver l&#8217;argent. Nous avons commenc\u00e9 par \u00e9conomiser 500 Frw et petit \u00e0 petit nous avons atteint 2500 Frw\u201d<\/em>.<\/p>\n<p>Denise a ajout\u00e9 que le projet PAC de Caritas Rwanda leur a accord\u00e9 une aide financi\u00e8re de 800 000 Frw qu&#8217;ils ont re\u00e7ue en deux phases. Lors de la premi\u00e8re tranche (400 000 Frw), elle a achet\u00e9 5 ch\u00e8vres et 1 cochon qui a donn\u00e9 naissance \u00e0 6 petit cochons. Il a vendu chacun d\u2019un \u00e0 20 000 Frw. Depuis lors, elle a lanc\u00e9 son entreprise d&#8217;\u00e9levage, et elle n&#8217;a jamais manqu\u00e9 d&#8217;argent \u00e0 epargner.<\/p>\n<figure id=\"attachment_14849\" aria-describedby=\"caption-attachment-14849\" style=\"width: 570px\" class=\"wp-caption aligncenter\"><img loading=\"lazy\" decoding=\"async\" class=\"size-medium wp-image-14849\" src=\"https:\/\/caritasrwanda.org\/fr\/wp-content\/uploads\/2023\/04\/162A0706-570x430.jpg\" alt=\"\" width=\"570\" height=\"430\" \/><figcaption id=\"caption-attachment-14849\" class=\"wp-caption-text\">Mukahirwa Denise, une b\u00e9n\u00e9ficiaire de la communaut\u00e9 d\u2019accueil a t\u00e9moign\u00e9 comment elle a commenc\u00e9 \u00e0 \u00e9lever des animaux domestique pour les vendre, ce qui l&#8217;a aid\u00e9e \u00e0 ne plus manquer d\u2019argent \u00e0 \u00e9pargner dans son groupe.<\/figcaption><\/figure>\n<p><em>\u201cEn 2e ann\u00e9e, j&#8217;avais une maison laide. J&#8217;ai emprunt\u00e9 au Sacco, j&#8217;ai emprunt\u00e9 100 000 Frw au groupe et je les ai ajout\u00e9s au total de 500 000 Frw et j&#8217;ai r\u00e9par\u00e9 ma maison de trois pi\u00e8ces\u201d<\/em>, a ajout\u00e9 Denise.<\/p>\n<p>Un autre b\u00e9n\u00e9ficiaire nomm\u00e9 Kubwimana Cansilda, une r\u00e9fugi\u00e9e du camp de Nyabiheke, dit que Caritas Rwanda leur a sortis de l&#8217;isolement gr\u00e2ce \u00e0 son projet PAC. Dans son t\u00e9moignage, lors de la ceremonie de partage des epargnes des groupes soutenus par PAC, elle a dit qu\u2019elle a pris 800 000 Frw que PAC leur avait donn\u00e9s, elle avait ajout\u00e9 600 000 Frw et a commenc\u00e9 un commerce de vente des v\u00eatements \u00e0 l&#8217;ext\u00e9rieur du camp. Pour le moment, elle dit avoir \u00e9conomis\u00e9 4.500.000 Frw sur son compte bancaire.<\/p>\n<p>Les diff\u00e9rents invit\u00e9s qui ont pris la parole pendant la c\u00e9r\u00e9monie ont remerci\u00e9 Caritas Rwanda pour ses activit\u00e9s en faveur des n\u00e9cessiteux, et ont encourag\u00e9 les b\u00e9n\u00e9ficiaires \u00e0 garder jalousement les bonnes pratiques qu\u2019ils ont acquis, \u00e0 continuer \u00e0 \u00e9pargner en groupes et \u00e0 utiliser les pr\u00eats et \u00e0 bien payer \u00e0 temps.<\/p>\n<p>Sur les 8 groupes qui ont surpass\u00e9 les autres, 2 sont du camp de Kiziba, et 6 sont de la communaut\u00e9 d\u2019accueil. Chacun d&#8217;eux a \u00e9pargn\u00e9 plus d&#8217;1 million de Frw, parmi ceux qui de la communaut\u00e9 d\u2019accueil, il y en a 2 qui se sont partag\u00e9 plus de 2 millions.<\/p>\n","protected":false},"excerpt":{"rendered":"<p>On the 3rd of June, the steering committee meeting of the Slovenia Government and Karitas Slovenija-funded Tube Aheza, Amazi Hafi Project was held at Home Saint-Jean. The meeting was graced by the Karongi district Vice Mayor in charge of Finance and Economic Development Mr NIRAGIRE Th\u00e9ophile, Mr NIYONSABA Cyriack, the Executive Secretary of the Rugabano sector and priests from the Gisovu, Nyange and Mukungu parishes located in the sectors<\/p>\n","protected":false},"author":1,"featured_media":14848,"comment_status":"open","ping_status":"open","sticky":false,"template":"","format":"standard","meta":{"footnotes":""},"categories":[30],"tags":[7,10],"class_list":["post-14847","post","type-post","status-publish","format-standard","has-post-thumbnail","hentry","category-news","tag-business","tag-travel"],"_links":{"self":[{"href":"https:\/\/caritasrwanda.org\/fr\/wp-json\/wp\/v2\/posts\/14847","targetHints":{"allow":["GET"]}}],"collection":[{"href":"https:\/\/caritasrwanda.org\/fr\/wp-json\/wp\/v2\/posts"}],"about":[{"href":"https:\/\/caritasrwanda.org\/fr\/wp-json\/wp\/v2\/types\/post"}],"author":[{"embeddable":true,"href":"https:\/\/caritasrwanda.org\/fr\/wp-json\/wp\/v2\/users\/1"}],"replies":[{"embeddable":true,"href":"https:\/\/caritasrwanda.org\/fr\/wp-json\/wp\/v2\/comments?post=14847"}],"version-history":[{"count":1,"href":"https:\/\/caritasrwanda.org\/fr\/wp-json\/wp\/v2\/posts\/14847\/revisions"}],"predecessor-version":[{"id":14850,"href":"https:\/\/caritasrwanda.org\/fr\/wp-json\/wp\/v2\/posts\/14847\/revisions\/14850"}],"wp:featuredmedia":[{"embeddable":true,"href":"https:\/\/caritasrwanda.org\/fr\/wp-json\/wp\/v2\/media\/14848"}],"wp:attachment":[{"href":"https:\/\/caritasrwanda.org\/fr\/wp-json\/wp\/v2\/media?parent=14847"}],"wp:term":[{"taxonomy":"category","embeddable":true,"href":"https:\/\/caritasrwanda.org\/fr\/wp-json\/wp\/v2\/categories?post=14847"},{"taxonomy":"post_tag","embeddable":true,"href":"https:\/\/caritasrwanda.org\/fr\/wp-json\/wp\/v2\/tags?post=14847"}],"curies":[{"name":"wp","href":"https:\/\/api.w.org\/{rel}","templated":true}]}}