{"id":14843,"date":"2023-03-30T13:55:17","date_gmt":"2023-03-30T13:55:17","guid":{"rendered":"https:\/\/caritasrwanda.org\/fr\/?p=14843"},"modified":"2023-04-14T13:56:11","modified_gmt":"2023-04-14T13:56:11","slug":"lassemblee-generale-2023-de-la-caritas-rwanda-se-rejouit-des-realisations-de-2022","status":"publish","type":"post","link":"https:\/\/caritasrwanda.org\/fr\/lassemblee-generale-2023-de-la-caritas-rwanda-se-rejouit-des-realisations-de-2022\/","title":{"rendered":"L&#8217;Assembl\u00e9e g\u00e9n\u00e9rale 2023 de la Caritas Rwanda se r\u00e9jouit des r\u00e9alisations de 2022"},"content":{"rendered":"<p>Depuis lundi le 27 au 28\/03\/2023, l&#8217;Assembl\u00e9e g\u00e9n\u00e9rale de Caritas Rwanda s&#8217;est r\u00e9unie \u00e0 l&#8217;H\u00f4tel Cenetra-Kabuga, o\u00f9 elle s&#8217;est r\u00e9jouie de la mise en \u0153uvre des recommandations de l\u2019Assembl\u00e9e G\u00e9n\u00e9rale 2022, dont les r\u00e9alisations sont all\u00e9es jusqu\u2019\u00e0 \u00e0 98%.<\/p>\n<p>Dans son mot d&#8217;ouverture, le Pr\u00e9sident de la Caritas Rwanda et Ev\u00eaque du Dioc\u00e8se de Nyundo Mgr Anaclet Mwumvaneza a rappel\u00e9 que Caritas Rwanda a continu\u00e9 \u00e0 servir les pauvres et autres personnes vuln\u00e9rables comme il faut, malgr\u00e9 le choc \u00e9conomique li\u00e9 \u00e0 la pand\u00e9mie du COVID-19 et amplifi\u00e9 par la flamb\u00e9e des prix des denr\u00e9es alimentaires \u00e0 la suite de la guerre en Ukraine.<\/p>\n<p>Mgr Anaclet Mwumvaneza a ajout\u00e9 que pour mieux continuer \u00e0 \u0153uvrer au service des pauvres, le Pape Fran\u00e7ois demande \u00e0 chacun de faire un examen de conscience personnel, communautaire et de se demander si la pauvret\u00e9 de J\u00e9sus-Christ est leur fid\u00e8le compagne de vie (Cfr message du Pape lors de la 6<sup>\u00e8me<\/sup> Journ\u00e9e mondiale des pauvres).<\/p>\n<p>Il a ensuite f\u00e9licit\u00e9 les participants pour avoir c\u00e9l\u00e9br\u00e9e la journ\u00e9e des pauvres (dimanche le 13 Novembre 2022) en beaut\u00e9, en communion et partage avec les pauvres dans les h\u00f4pitaux, les Formations Sanitaires Agr\u00e9\u00e9es (FOSA), les paroisses, ainsi que dans toutes les communaut\u00e9s eccl\u00e9siales de base.<\/p>\n<p>Quand au secr\u00e9taire de la Nonciature au Rwanda, Abb\u00e9 Thomasz Gdula il a cit\u00e9 quelques mots de sa Saintet\u00e9 Pape Fran\u00e7ois, prononc\u00e9s lors de son discours aux membres de Caritas Italiana\u00a0: <em>\u201c<\/em><em>Dans le changement d\u2019\u00e9poque actuel, les d\u00e9fis et les difficult\u00e9s sont nombreux, les visages de pauvres et les situations complexes sont de plus en plus nombreux sur le territoire\u201d<\/em>.<\/p>\n<p>Sa Saintet\u00e9 Pape Fran\u00e7ois a propos\u00e9 trois voies pour relever ces d\u00e9fis\u00a0: Il y a la voie des plus pauvres, celle de leur venir en aide. La deuxi\u00e8me voie indispensable est le chemin de l\u2019Evangile, puisqu\u2019il est illumin\u00e9 par l&#8217;amour du prochain. La derni\u00e8re voie est le chemin de la cr\u00e9ativit\u00e9\u00a0: l\u2019imagination de la charit\u00e9 qui nous pousse \u00e0 chercher de nouvelles solutions dans toutes les circonstances de la vie au service des pauvres.<\/p>\n<p><strong>Les recommandations de\u00a02022 accomplis \u00e0 98%<\/strong><\/p>\n<p>Les diff\u00e9rents d\u00e9partements (Administratif et Financier, Ouvres socio-caritatives et animation, Sant\u00e9, et D\u00e9veloppent) de la Caritas Rwanda ont pr\u00e9sent\u00e9 les r\u00e9alisations de l\u2019ann\u00e9e 2022, en suivant les recommandations de l\u2019Assembl\u00e9e G\u00e9n\u00e9rale de la Caritas Rwanda pour l\u2019ann\u00e9e 2022. En effet, il a \u00e9t\u00e9 dit que les recommandations ont \u00e9t\u00e9 mis en \u0153uvre avec succ\u00e8s (98%).<\/p>\n<figure id=\"attachment_14845\" aria-describedby=\"caption-attachment-14845\" style=\"width: 570px\" class=\"wp-caption aligncenter\"><img loading=\"lazy\" decoding=\"async\" class=\"size-medium wp-image-14845\" src=\"https:\/\/caritasrwanda.org\/fr\/wp-content\/uploads\/2023\/04\/162A0116-A-570x430.jpg\" alt=\"\" width=\"570\" height=\"430\" \/><figcaption id=\"caption-attachment-14845\" class=\"wp-caption-text\">Mgr Anaclet Mwumwaneza, Pr\u00e9sident de Caritas Rwanda, a officiellement ouvert la r\u00e9union.<\/figcaption><\/figure>\n<p>Dans le d\u00e9partement Administratif et Financier, il y a eu la r\u00e9habilitation des b\u00e2timents existants ; la cotisation dans le fonds de charit\u00e9 du personnel a atteint 95M de Frw, le partenariat avec les acteurs a \u00e9t\u00e9 renforc\u00e9e tandis que les capacit\u00e9s de suivi-\u00e9valuation et rapportage ont \u00e9t\u00e9 renforc\u00e9es comme l\u2019organisation des audits financiers, des \u00e9valuations des projets, ainsi que la collecte, analyse et stockage des donn\u00e9es.<\/p>\n<p>En ce qui concerne les \u0153uvres socio-caritatives, il y a eu les suivante r\u00e9alisations\u00a0:<\/p>\n<p>-les personnes vuln\u00e9rables ont \u00e9t\u00e9 prises en charge\u00a0;<\/p>\n<p>-C\u00e9l\u00e9bration de la journ\u00e9e mondiale des pauvres\u00a0;<\/p>\n<p>-Inauguration du Centre Incubation Caritas Byumba dans la r\u00e9habilitation et r\u00e9int\u00e9gration des jeunes sortant des prisons ;<\/p>\n<p>-Les enfants orphelins et en provenance des familles d\u00e9favoris\u00e9es (OVC) qui qui \u00e9taient en TVET ont gradu\u00e9s dans les arts culinaires ;<\/p>\n<p>-La distribution du mat\u00e9riel scolaire aux OVC par le programme USAID\/GIMBUKA;<\/p>\n<p>-L\u2019entraide dans la Caritas scolaire (les enfants qui aident les enfants en provenance des familles d\u00e9favoris\u00e9).<\/p>\n<p>Dans le d\u00e9partement de sante, la journ\u00e9e mondiale des malades a \u00e9t\u00e9 c\u00e9l\u00e9br\u00e9e au niveau de la Caritas Rwanda (H\u00f4pital de Ruli) et au niveau des dioc\u00e8ses. 22.700 personnes ont b\u00e9n\u00e9fici\u00e9 des s\u00e9ances \u00e9ducatives ayant comme objectif d\u2019am\u00e9liorer leur \u00e9tat nutritionnel, tandis que 2.327 personnes ayant la malnutrition aigu\u00eb ont \u00e9t\u00e9 identifi\u00e9es et transf\u00e9r\u00e9s au niveau des FOSA. Toujours dans le d\u00e9partement de sant\u00e9, 39.309 nouveaux et anciens couples ont eu acc\u00e8s aux m\u00e9thodes de Planification Familiale Naturelle (PFN).<\/p>\n","protected":false},"excerpt":{"rendered":"<p>On the 3rd of June, the steering committee meeting of the Slovenia Government and Karitas Slovenija-funded Tube Aheza, Amazi Hafi Project was held at Home Saint-Jean. The meeting was graced by the Karongi district Vice Mayor in charge of Finance and Economic Development Mr NIRAGIRE Th\u00e9ophile, Mr NIYONSABA Cyriack, the Executive Secretary of the Rugabano sector and priests from the Gisovu, Nyange and Mukungu parishes located in the sectors<\/p>\n","protected":false},"author":1,"featured_media":14844,"comment_status":"open","ping_status":"open","sticky":false,"template":"","format":"standard","meta":{"footnotes":""},"categories":[30],"tags":[7,10],"class_list":["post-14843","post","type-post","status-publish","format-standard","has-post-thumbnail","hentry","category-news","tag-business","tag-travel"],"_links":{"self":[{"href":"https:\/\/caritasrwanda.org\/fr\/wp-json\/wp\/v2\/posts\/14843","targetHints":{"allow":["GET"]}}],"collection":[{"href":"https:\/\/caritasrwanda.org\/fr\/wp-json\/wp\/v2\/posts"}],"about":[{"href":"https:\/\/caritasrwanda.org\/fr\/wp-json\/wp\/v2\/types\/post"}],"author":[{"embeddable":true,"href":"https:\/\/caritasrwanda.org\/fr\/wp-json\/wp\/v2\/users\/1"}],"replies":[{"embeddable":true,"href":"https:\/\/caritasrwanda.org\/fr\/wp-json\/wp\/v2\/comments?post=14843"}],"version-history":[{"count":1,"href":"https:\/\/caritasrwanda.org\/fr\/wp-json\/wp\/v2\/posts\/14843\/revisions"}],"predecessor-version":[{"id":14846,"href":"https:\/\/caritasrwanda.org\/fr\/wp-json\/wp\/v2\/posts\/14843\/revisions\/14846"}],"wp:featuredmedia":[{"embeddable":true,"href":"https:\/\/caritasrwanda.org\/fr\/wp-json\/wp\/v2\/media\/14844"}],"wp:attachment":[{"href":"https:\/\/caritasrwanda.org\/fr\/wp-json\/wp\/v2\/media?parent=14843"}],"wp:term":[{"taxonomy":"category","embeddable":true,"href":"https:\/\/caritasrwanda.org\/fr\/wp-json\/wp\/v2\/categories?post=14843"},{"taxonomy":"post_tag","embeddable":true,"href":"https:\/\/caritasrwanda.org\/fr\/wp-json\/wp\/v2\/tags?post=14843"}],"curies":[{"name":"wp","href":"https:\/\/api.w.org\/{rel}","templated":true}]}}