{"id":14828,"date":"2023-02-27T21:11:07","date_gmt":"2023-02-27T21:11:07","guid":{"rendered":"https:\/\/caritasrwanda.org\/fr\/?p=14828"},"modified":"2023-03-15T21:24:39","modified_gmt":"2023-03-15T21:24:39","slug":"reunion-devaluation-a-mi-parcours-du-plan-strategique-daction-famille-2019-2024","status":"publish","type":"post","link":"https:\/\/caritasrwanda.org\/fr\/reunion-devaluation-a-mi-parcours-du-plan-strategique-daction-famille-2019-2024\/","title":{"rendered":"R\u00e9union d&#8217;\u00e9valuation \u00e0 mi-parcours du Plan Strat\u00e9gique d&#8217;Action Famille (2019-2024)"},"content":{"rendered":"<p>Lundi le 27 f\u00e9vrier 2023, Caritas Rwanda (par l&#8217;interm\u00e9diaire du D\u00e9partement de la sant\u00e9) et Le Secr\u00e9tariat National d\u2019Action Familiale (SNAF), a tenu une r\u00e9union d&#8217;\u00e9valuation \u00e0 mi-parcours du Plan strat\u00e9gique d&#8217;action familiale (2019-2024), qui a \u00e9t\u00e9 inaugur\u00e9e par Son \u00c9minence Cardinal Antoine Kambanda.<\/p>\n<p>Comme il a \u00e9t\u00e9 dit lors de cette r\u00e9union, les services de Planification Familiale Naturelle commun\u00e9ment appel\u00e9s PFN, ont \u00e9t\u00e9 int\u00e9gr\u00e9s dans 161 des 216 paroisses catholiques dans tout le Pays. Ceci a \u00e9t\u00e9 r\u00e9alis\u00e9 gr\u00e2ce \u00e0 la collaboration entre Caritas Rwanda et le SNAF (Secr\u00e9tariat National d&#8217;Action Familiale) \u00e0 travers les prestataires de services PFN et la Commission Famille au niveau du dioc\u00e8se et de la paroisse.<\/p>\n<p>Comme d\u00e9fis, de nombreux couples h\u00e9sitent \u00e0 choisir les m\u00e9thodes naturelles et pr\u00e9f\u00e8rent d&#8217;autres m\u00e9thodes propos\u00e9es par le gouvernement car ils pensent que les m\u00e9thodes naturelles ne sont pas approuv\u00e9es par l\u2019Etat. Il y a aussi un petit nombre de personnel dans les centres de sant\u00e9 et les paroisses pour servir ceux qui veulent utiliser les m\u00e9thodes naturelles.<\/p>\n<p>Dans son allocution d&#8217;ouverture, Son Eminence Cardinal Antoine Kambanda a salu\u00e9 la collaboration entre Caritas Rwanda et le Secr\u00e9tariat National d&#8217;Action Familiale et a mis l&#8217;accent sur la collecte de t\u00e9moignages de familles qui ont r\u00e9solu leurs conflits \u00e0 travers le PFN, pour que la sensibilisation sur ces m\u00e9thodes naturelles de planification familiale soit r\u00e9ussi.<\/p>\n<p>Son Eminence Cardinal Antoine Kambanda a ajout\u00e9 qu&#8217;en plus d&#8217;aider les couples dans la planification familiale, les m\u00e9thodes naturelles sont aussi le moyen de recevoir l&#8217;\u00e9ducation sociale pour les couples mari\u00e9s. Par cons\u00e9quent, l&#8217;\u00c9glise l&#8217;a choisi pour aider les membres de la famille \u00e0 avoir une vie saine, la s\u00e9curit\u00e9 familiale, le d\u00e9veloppement economique et \u00e0 assumer les responsabilit\u00e9s de la parentalit\u00e9 comme il se doit.<\/p>\n<figure id=\"attachment_14831\" aria-describedby=\"caption-attachment-14831\" style=\"width: 570px\" class=\"wp-caption aligncenter\"><img loading=\"lazy\" decoding=\"async\" class=\"size-medium wp-image-14831\" src=\"https:\/\/caritasrwanda.org\/fr\/wp-content\/uploads\/2023\/03\/WhatsApp-Image-2023-02-27-at-4.46.06-PM-1-570x430.jpeg\" alt=\"\" width=\"570\" height=\"430\" \/><figcaption id=\"caption-attachment-14831\" class=\"wp-caption-text\">La r\u00e9union s&#8217;est tenue \u00e0 l&#8217;H\u00f4tel Saint Paul.<\/figcaption><\/figure>\n<p>Depuis Septembre 2019, Caritas Rwanda (\u00e0 travers le D\u00e9partement de la Sant\u00e9) et le Secr\u00e9tariat National d&#8217;Action Familiale, avec l&#8217;appui des partenaires techniques et financiers, a mis en place un Plan Strat\u00e9gique d&#8217;Action Familiale (2019-2024) afin d&#8217;avoir une feuille de route sp\u00e9cifique pour acc\u00e9l\u00e9rer les efforts d\u00e9ploy\u00e9s autour de la Planification Familiale. Le plan vise \u00e0 atteindre environ au moins 741.600 couples utilisant au moins une m\u00e9thode de planification familiale naturelle d&#8217;ici Ao\u00fbt 2024.<\/p>\n<p>Il a pour objectif l&#8217;acc\u00e9l\u00e9ration de la transition d\u00e9mographique ; am\u00e9liorer la sant\u00e9 de la population, en particulier la sant\u00e9 maternelle et infantile, et acc\u00e9l\u00e9rer le d\u00e9veloppement \u00e9conomique du pays en g\u00e9n\u00e9ral.<\/p>\n","protected":false},"excerpt":{"rendered":"<p>On the 3rd of June, the steering committee meeting of the Slovenia Government and Karitas Slovenija-funded Tube Aheza, Amazi Hafi Project was held at Home Saint-Jean. The meeting was graced by the Karongi district Vice Mayor in charge of Finance and Economic Development Mr NIRAGIRE Th\u00e9ophile, Mr NIYONSABA Cyriack, the Executive Secretary of the Rugabano sector and priests from the Gisovu, Nyange and Mukungu parishes located in the sectors<\/p>\n","protected":false},"author":1,"featured_media":14834,"comment_status":"open","ping_status":"open","sticky":false,"template":"","format":"standard","meta":{"footnotes":""},"categories":[30],"tags":[7,10],"class_list":["post-14828","post","type-post","status-publish","format-standard","has-post-thumbnail","hentry","category-news","tag-business","tag-travel"],"_links":{"self":[{"href":"https:\/\/caritasrwanda.org\/fr\/wp-json\/wp\/v2\/posts\/14828","targetHints":{"allow":["GET"]}}],"collection":[{"href":"https:\/\/caritasrwanda.org\/fr\/wp-json\/wp\/v2\/posts"}],"about":[{"href":"https:\/\/caritasrwanda.org\/fr\/wp-json\/wp\/v2\/types\/post"}],"author":[{"embeddable":true,"href":"https:\/\/caritasrwanda.org\/fr\/wp-json\/wp\/v2\/users\/1"}],"replies":[{"embeddable":true,"href":"https:\/\/caritasrwanda.org\/fr\/wp-json\/wp\/v2\/comments?post=14828"}],"version-history":[{"count":1,"href":"https:\/\/caritasrwanda.org\/fr\/wp-json\/wp\/v2\/posts\/14828\/revisions"}],"predecessor-version":[{"id":14832,"href":"https:\/\/caritasrwanda.org\/fr\/wp-json\/wp\/v2\/posts\/14828\/revisions\/14832"}],"wp:featuredmedia":[{"embeddable":true,"href":"https:\/\/caritasrwanda.org\/fr\/wp-json\/wp\/v2\/media\/14834"}],"wp:attachment":[{"href":"https:\/\/caritasrwanda.org\/fr\/wp-json\/wp\/v2\/media?parent=14828"}],"wp:term":[{"taxonomy":"category","embeddable":true,"href":"https:\/\/caritasrwanda.org\/fr\/wp-json\/wp\/v2\/categories?post=14828"},{"taxonomy":"post_tag","embeddable":true,"href":"https:\/\/caritasrwanda.org\/fr\/wp-json\/wp\/v2\/tags?post=14828"}],"curies":[{"name":"wp","href":"https:\/\/api.w.org\/{rel}","templated":true}]}}