{"id":14814,"date":"2022-03-08T12:02:18","date_gmt":"2022-03-08T12:02:18","guid":{"rendered":"https:\/\/caritasrwanda.org\/fr\/?p=14814"},"modified":"2023-02-09T12:08:46","modified_gmt":"2023-02-09T12:08:46","slug":"caritas-rwanda-celebre-la-journee-internationale-de-la-femme-2022","status":"publish","type":"post","link":"https:\/\/caritasrwanda.org\/fr\/caritas-rwanda-celebre-la-journee-internationale-de-la-femme-2022\/","title":{"rendered":"Caritas Rwanda c\u00e9l\u00e8bre la Journ\u00e9e Internationale de la Femme 2022"},"content":{"rendered":"<p><b>Caritas Rwanda c\u00e9l\u00e8bre la Journ\u00e9e Internationale de la Femme 2022<\/b><\/p>\n<p><span style=\"font-weight: 400;\">Caritas Rwanda s&#8217;est jointe au monde entier pour c\u00e9l\u00e9brer la Journ\u00e9e Internationale de la Femme 2022. Organis\u00e9e par tout le personnel masculin de Caritas Rwanda, l&#8217;\u00e9v\u00e9nement a eu lieu le 8 mars 2022 au si\u00e8ge social du Caritas Rwanda \u00e0 Kiyovu et visait \u00e0 c\u00e9l\u00e9brer les femmes de Caritas Rwanda et \u00e0 reconna\u00eetre leur immense contribution \u00e0 la mission de l&#8217;organisation.<\/span><\/p>\n<p><span style=\"font-weight: 400;\">La Journ\u00e9e internationale de la femme \u00e0 Caritas a d\u00e9but\u00e9 par un petit-d\u00e9jeuner partag\u00e9, servi par le personnel masculin \u00e0 leurs s\u0153urs et a \u00e9t\u00e9 suivi d&#8217;une s\u00e9ance photo. Cette journ\u00e9e, qui r\u00e9servait bien d&#8217;autres surprises, se d\u00e9roula comme d&#8217;habitude, chacun retournant dans son bureau respectif.<\/span><\/p>\n<p><span style=\"font-weight: 400;\">L&#8217;heure du d\u00e9jeuner a marqu\u00e9 la c\u00e9l\u00e9bration officielle de l&#8217;\u00e9v\u00e9nement. Alors que les femmes de Caritas Rwanda se rassemblaient dans la salle principale, leurs fr\u00e8res les ont surprises avec une entr\u00e9e glorieuse, chacune portant une rose qui a \u00e9t\u00e9 donn\u00e9e \u00e0 chacune des femmes de Caritas Rwanda.<\/span><\/p>\n<p><span style=\"font-weight: 400;\">Dans son allocution, Mme. Th\u00e9r\u00e8se Nduwamungu, qui repr\u00e9sentait les Femmes du Caritas Rwanda a appr\u00e9ci\u00e9 l&#8217;effort investi par leurs fr\u00e8res, pour les c\u00e9l\u00e9brer. \u2018\u2019Vous avez fait de votre mieux pour nous rendre heureux aujourd&#8217;hui. On est tr\u00e8s reconnaissant. Puissions-nous tous garder cet esprit Caritas d&#8217;amour et de fraternit\u00e9&#8221;. Dit-elle.<\/span><\/p>\n<p><span style=\"font-weight: 400;\">S\u0153ur Gaudiose Nyiraneza, qui f\u00eatait sa patronne ce jour-l\u00e0, avait \u00e9galement offert son soutien au personnel masculin pour organiser l&#8217;\u00e9v\u00e9nement. Dans son discours, elle a reconnu l&#8217;amour et la passion dont ont fait preuve les organisateurs de l&#8217;\u00e9v\u00e9nement.<\/span><\/p>\n<p><span style=\"font-weight: 400;\">Mme. Bellancille MUKAMUSIGALI, responsable des ressources humaines, a exprim\u00e9 sa gratitude aux organisateurs de l&#8217;\u00e9v\u00e9nement et a encourag\u00e9 une telle unit\u00e9 et un tel esprit d&#8217;\u00e9quipe parmi tout le personnel de Caritas Rwanda. Elle a d\u00e9clar\u00e9 : \u00ab L&#8217;amour et l&#8217;unit\u00e9 ont toujours fait partie des piliers de Caritas Rwanda. De la direction au reste du personnel, il est connu pour \u00eatre une \u00e9quipe soud\u00e9e&#8221;.<\/span><\/p>\n<p><span style=\"font-weight: 400;\">L&#8217;\u00e9v\u00e9nement a \u00e9t\u00e9 suivi d&#8217;un d\u00e9jeuner partag\u00e9, dirig\u00e9 par le personnel masculin de Caritas Rwanda, qui, une fois de plus, a servi leurs s\u0153urs. Les femmes de Caritas Rwanda portaient des tenues kitenge fabriqu\u00e9es au Rwanda, tandis que leurs fr\u00e8res avaient mis des costumes et des chemises africaines, ce qui a rendu l&#8217;\u00e9v\u00e9nement encore plus color\u00e9.<\/span><\/p>\n<p><span style=\"font-weight: 400;\">Concluant l&#8217;\u00e9v\u00e9nement, M. Prosper Sebagenzi, responsable des programmes, qui repr\u00e9sentait \u00e9galement l&#8217;administration, a mis l&#8217;accent sur la contribution des femmes de Caritas Rwanda \u00e0 la croissance et au d\u00e9veloppement de l&#8217;organisation. Caritas Rwanda a beaucoup de chance de vous avoir tous. Nous appr\u00e9cions l&#8217;amour et la passion que vous repr\u00e9sentez, de vos familles au travail, qui s&#8217;alignent sur les valeurs d&#8217;amour et d&#8217;unit\u00e9 de Caritas&#8221;.<\/span><\/p>\n<p><span style=\"font-weight: 400;\">\u00a0&#8220;Les femmes rendent le monde beau, elles le prot\u00e8gent et le font vivre.&#8221; &#8220;Elles apportent la gr\u00e2ce du renouveau, l&#8217;\u00e9treinte de l&#8217;inclusion et le courage de se donner&#8221;, a d\u00e9clar\u00e9 le Pape Fran\u00e7ois, soulignant la &#8220;contribution irrempla\u00e7able des femmes dans la construction d&#8217;un monde qui peut \u00eatre une maison pour tous&#8221;, \u00e0 travers leurs efforts vers paix et amour. Caritas Rwanda valorise et reconna\u00eet les femmes comme les piliers de la famille et croit fermement que les femmes doivent \u00eatre aim\u00e9es, prot\u00e9g\u00e9es et autonomis\u00e9es.<\/span><\/p>\n","protected":false},"excerpt":{"rendered":"<p>On the 3rd of June, the steering committee meeting of the Slovenia Government and Karitas Slovenija-funded Tube Aheza, Amazi Hafi Project was held at Home Saint-Jean. The meeting was graced by the Karongi district Vice Mayor in charge of Finance and Economic Development Mr NIRAGIRE Th\u00e9ophile, Mr NIYONSABA Cyriack, the Executive Secretary of the Rugabano sector and priests from the Gisovu, Nyange and Mukungu parishes located in the sectors<\/p>\n","protected":false},"author":1,"featured_media":14815,"comment_status":"open","ping_status":"open","sticky":false,"template":"","format":"standard","meta":{"footnotes":""},"categories":[30],"tags":[7,10],"class_list":["post-14814","post","type-post","status-publish","format-standard","has-post-thumbnail","hentry","category-news","tag-business","tag-travel"],"_links":{"self":[{"href":"https:\/\/caritasrwanda.org\/fr\/wp-json\/wp\/v2\/posts\/14814","targetHints":{"allow":["GET"]}}],"collection":[{"href":"https:\/\/caritasrwanda.org\/fr\/wp-json\/wp\/v2\/posts"}],"about":[{"href":"https:\/\/caritasrwanda.org\/fr\/wp-json\/wp\/v2\/types\/post"}],"author":[{"embeddable":true,"href":"https:\/\/caritasrwanda.org\/fr\/wp-json\/wp\/v2\/users\/1"}],"replies":[{"embeddable":true,"href":"https:\/\/caritasrwanda.org\/fr\/wp-json\/wp\/v2\/comments?post=14814"}],"version-history":[{"count":1,"href":"https:\/\/caritasrwanda.org\/fr\/wp-json\/wp\/v2\/posts\/14814\/revisions"}],"predecessor-version":[{"id":14816,"href":"https:\/\/caritasrwanda.org\/fr\/wp-json\/wp\/v2\/posts\/14814\/revisions\/14816"}],"wp:featuredmedia":[{"embeddable":true,"href":"https:\/\/caritasrwanda.org\/fr\/wp-json\/wp\/v2\/media\/14815"}],"wp:attachment":[{"href":"https:\/\/caritasrwanda.org\/fr\/wp-json\/wp\/v2\/media?parent=14814"}],"wp:term":[{"taxonomy":"category","embeddable":true,"href":"https:\/\/caritasrwanda.org\/fr\/wp-json\/wp\/v2\/categories?post=14814"},{"taxonomy":"post_tag","embeddable":true,"href":"https:\/\/caritasrwanda.org\/fr\/wp-json\/wp\/v2\/tags?post=14814"}],"curies":[{"name":"wp","href":"https:\/\/api.w.org\/{rel}","templated":true}]}}