{"id":14811,"date":"2022-02-25T11:48:00","date_gmt":"2022-02-25T11:48:00","guid":{"rendered":"https:\/\/caritasrwanda.org\/fr\/?p=14811"},"modified":"2023-02-09T12:00:02","modified_gmt":"2023-02-09T12:00:02","slug":"caritas-rwanda-a-tenu-son-assemblee-generale-pour-lannee-2022","status":"publish","type":"post","link":"https:\/\/caritasrwanda.org\/fr\/caritas-rwanda-a-tenu-son-assemblee-generale-pour-lannee-2022\/","title":{"rendered":"Caritas Rwanda a tenu son Assembl\u00e9e G\u00e9n\u00e9rale pour l&#8217;ann\u00e9e 2022"},"content":{"rendered":"<p><b>Caritas Rwanda a tenu son Assembl\u00e9e G\u00e9n\u00e9rale pour l&#8217;ann\u00e9e 2022<\/b><\/p>\n<p><span style=\"font-weight: 400;\">L&#8217;Assembl\u00e9e g\u00e9n\u00e9rale de Caritas Rwanda qui s&#8217;est tenue \u00e0 l&#8217;h\u00f4tel Cenetra \u00e0 Kabuga, du 24 au 25 f\u00e9vrier 2022, a r\u00e9uni divers \u00e9v\u00eaques de l&#8217;\u00c9glise Catholique du Rwanda, avec les membres de l&#8217;administration de Caritas Rwanda, les repr\u00e9sentants des Caritas dioc\u00e9saines et d&#8217;autres repr\u00e9sentants de diverses autres institutions Catholiques partenaires.<\/span><\/p>\n<p><span style=\"font-weight: 400;\">Pr\u00e9sid\u00e9e par Son Excellence Anaclet Mwumvaneza, Ev\u00eaque du Dioc\u00e8se de Nyundo et Pr\u00e9sident de Caritas Rwanda, l&#8217;Assembl\u00e9e G\u00e9n\u00e9rale avait pour objectif d&#8217;\u00e9valuer les performances de Caritas Rwanda pour l&#8217;ann\u00e9e 2021-2022, et d&#8217;\u00e9valuer le plan strat\u00e9gique de l&#8217;ann\u00e9e 2022-2023 pour ensuite proposer des recommandations et des r\u00e9solutions pour la nouvelle ann\u00e9e.<\/span><\/p>\n<p><span style=\"font-weight: 400;\">Dans son allocution d&#8217;ouverture, le P\u00e8re Jean Marie Vianney Twagirayezu a souhait\u00e9 la bienvenue \u00e0 tous les participants et a invit\u00e9 le Pr\u00e9sident de Caritas Rwanda \u00e0 diriger l&#8217;Assembl\u00e9e.<\/span><\/p>\n<p><span style=\"font-weight: 400;\">Dans son allocution, Monseigneur In Je HWANG, Charg\u00e9 d&#8217;Affaires a.i \u00e0 la Nonciature Apostolique du Rwanda a r\u00e9affirm\u00e9 l&#8217;engagement de l&#8217;\u00c9glise \u00e0 soutenir la mission de Caritas Rwanda.<\/span><\/p>\n<p><span style=\"font-weight: 400;\">Les responsables de diff\u00e9rents d\u00e9partements de la Caritas Rwanda, dont le d\u00e9partement des Oeuvres Socio-Caritatives (OSC), le d\u00e9partement en charge du d\u00e9veloppement de l&#8217;organisation, le d\u00e9partement de la Sant\u00e9 et le d\u00e9partement administratif et financier ont fait des pr\u00e9sentations de ce qui a \u00e9t\u00e9 accompli durant l&#8217;ann\u00e9e derni\u00e8re, ainsi que le budget utilis\u00e9 pour mener les activit\u00e9s de Caritas Rwanda au cours de l&#8217;ann\u00e9e 2021. Ce budget qui s&#8217;\u00e9l\u00e8ve \u00e0 23 milliards de Francs Rwandais est r\u00e9partis comme suit : le d\u00e9partement de la sant\u00e9 a utilis\u00e9 15 milliards de Francs Rwandais (dont la majeure partie a \u00e9t\u00e9 financ\u00e9e par le Gouvernement du Rwanda), le d\u00e9partement\u00a0 du d\u00e9veloppement, ainsi que le d\u00e9partement des \u0153uvres sociales ont utilis\u00e9 3 milliards de francs rwandais chacun. Les 2 milliards restants ont \u00e9t\u00e9 utilis\u00e9s pour couvrir les d\u00e9penses li\u00e9es au fonctionnement quotidien des ressources humaines, de l&#8217;\u00e9quipement et de la maintenance de l&#8217;organisation. Les membres de l&#8217;administration ont \u00e9galement pr\u00e9sent\u00e9 leur plan strat\u00e9gique pour l&#8217;ann\u00e9e 2022-2023.<\/span><\/p>\n<p><span style=\"font-weight: 400;\">L&#8217;une des principales r\u00e9solutions prises lors de l&#8217;Assembl\u00e9e g\u00e9n\u00e9rale de Caritas Rwanda 2022 est de cr\u00e9er une commission de la sant\u00e9 au sein de la Conf\u00e9rence \u00c9piscopale du Rwanda qui sera charg\u00e9e de cr\u00e9er une synergie entre toutes les activit\u00e9s pastorales de l&#8217;\u00c9glise li\u00e9es \u00e0 la sant\u00e9.\u00a0 Le Dr Prince Bosco Kanani, directeur du d\u00e9partement de la sant\u00e9, a mentionn\u00e9 que l&#8217;\u00c9glise Catholique du Rwanda d\u00e9tient actuellement 30% de tous les services de sant\u00e9 du pays.<\/span><\/p>\n<p><span style=\"font-weight: 400;\">L&#8217;Assembl\u00e9e g\u00e9n\u00e9rale 2022 de Caritas Rwanda a recommand\u00e9 ce qui suit :<\/span><\/p>\n<p><span style=\"font-weight: 400;\">A la Conf\u00e9rence Episcopale du Rwanda (CEPR):<\/span><\/p>\n<ol>\n<li><span style=\"font-weight: 400;\"> Cr\u00e9er et op\u00e9rationnaliser la Commission \u00e9piscopale de la pastorale de la sant\u00e9.<\/span><\/li>\n<\/ol>\n<p>&nbsp;<\/p>\n<p><span style=\"font-weight: 400;\">A la Caritas Rwanda :<\/span><\/p>\n<ol>\n<li><span style=\"font-weight: 400;\"> Collaborer avec la Commission \u00c9piscopale de Pastorale de la Sant\u00e9 ;<\/span><\/li>\n<li><span style=\"font-weight: 400;\"> Am\u00e9liorer la collaboration et la synergie entre Caritas Rwanda, la Commission \u00c9piscopale pour la Famille et le Service National d&#8217;Action Familiale ;<\/span><\/li>\n<li><span style=\"font-weight: 400;\"> Renforcer la communication des r\u00e9alisations de Caritas \u00e0 tous les niveaux et avoir plus de concertation dans la pr\u00e9paration d&#8217;articles et de diffusions dans les m\u00e9dias sociaux de l&#8217;\u00c9glise catholique ;<\/span><\/li>\n<li><span style=\"font-weight: 400;\"> Accompagner et assurer le renforcement des capacit\u00e9s des Caritas dioc\u00e9saines dans le processus des d\u00e9clarations fiscales selon la nouvelle orientation de l&#8217;ann\u00e9e pastorale de l&#8217;\u00c9glise catholique ;<\/span><\/li>\n<li><span style=\"font-weight: 400;\"> Soutenir la Caritas dioc\u00e9saine dans l&#8217;harmonisation et l&#8217;organisation de la Journ\u00e9e Mondiale des Malades ;<\/span><\/li>\n<li><span style=\"font-weight: 400;\"> Renforcer les strat\u00e9gies de mobilisation des ressources financi\u00e8res visant \u00e0 accro\u00eetre l&#8217;autofinancement et assurer la bonne gestion de celles qui existent ;<\/span><\/li>\n<li><span style=\"font-weight: 400;\"> Redynamiser les activit\u00e9s de d\u00e9veloppement et soutenir les Caritas dioc\u00e9saines dans ce secteur.<\/span><\/li>\n<\/ol>\n<p>&nbsp;<\/p>\n<p><span style=\"font-weight: 400;\">A la Caritas dioc\u00e9saine :<\/span><\/p>\n<ol>\n<li><span style=\"font-weight: 400;\"> Am\u00e9liorer la collaboration et la synergie entre la Caritas dioc\u00e9saine, la Commission charg\u00e9e de la Pastorale de la famille et le Centre R\u00e9gional d&#8217;Action Famille (CRAF) ;<\/span><\/li>\n<li><span style=\"font-weight: 400;\"> Organiser la Journ\u00e9e Mondiale des Malades \u00e0 tous les niveaux (FOSA\/Communaut\u00e9) ;<\/span><\/li>\n<li><span style=\"font-weight: 400;\"> Redynamiser l&#8217;organisation de la Journ\u00e9e Caritas \u00e0 tous les niveaux : dioc\u00e8se, paroisse, central, communaut\u00e9 eccl\u00e9siale de base (CEB) ;<\/span><\/li>\n<li><span style=\"font-weight: 400;\"> Redynamiser l&#8217;animation du d\u00e9veloppement en activant les services de d\u00e9veloppement et les comit\u00e9s paroissiaux de Caritas ;<\/span><\/li>\n<li><span style=\"font-weight: 400;\"> Renforcer la mobilisation et l&#8217;adh\u00e9sion au fonds caritatif et l&#8217;\u00e9tendre \u00e0 d&#8217;autres institutions susceptibles de comprendre l&#8217;esprit Caritas ;<\/span><\/li>\n<li><span style=\"font-weight: 400;\"> Renforcer les strat\u00e9gies de mobilisation des ressources financi\u00e8res visant \u00e0 accro\u00eetre l&#8217;autofinancement et assurer la bonne gestion de celles qui existent.<\/span><\/li>\n<\/ol>\n","protected":false},"excerpt":{"rendered":"<p>On the 3rd of June, the steering committee meeting of the Slovenia Government and Karitas Slovenija-funded Tube Aheza, Amazi Hafi Project was held at Home Saint-Jean. The meeting was graced by the Karongi district Vice Mayor in charge of Finance and Economic Development Mr NIRAGIRE Th\u00e9ophile, Mr NIYONSABA Cyriack, the Executive Secretary of the Rugabano sector and priests from the Gisovu, Nyange and Mukungu parishes located in the sectors<\/p>\n","protected":false},"author":1,"featured_media":14812,"comment_status":"open","ping_status":"open","sticky":false,"template":"","format":"standard","meta":{"footnotes":""},"categories":[30],"tags":[7,10],"class_list":["post-14811","post","type-post","status-publish","format-standard","has-post-thumbnail","hentry","category-news","tag-business","tag-travel"],"_links":{"self":[{"href":"https:\/\/caritasrwanda.org\/fr\/wp-json\/wp\/v2\/posts\/14811","targetHints":{"allow":["GET"]}}],"collection":[{"href":"https:\/\/caritasrwanda.org\/fr\/wp-json\/wp\/v2\/posts"}],"about":[{"href":"https:\/\/caritasrwanda.org\/fr\/wp-json\/wp\/v2\/types\/post"}],"author":[{"embeddable":true,"href":"https:\/\/caritasrwanda.org\/fr\/wp-json\/wp\/v2\/users\/1"}],"replies":[{"embeddable":true,"href":"https:\/\/caritasrwanda.org\/fr\/wp-json\/wp\/v2\/comments?post=14811"}],"version-history":[{"count":1,"href":"https:\/\/caritasrwanda.org\/fr\/wp-json\/wp\/v2\/posts\/14811\/revisions"}],"predecessor-version":[{"id":14813,"href":"https:\/\/caritasrwanda.org\/fr\/wp-json\/wp\/v2\/posts\/14811\/revisions\/14813"}],"wp:featuredmedia":[{"embeddable":true,"href":"https:\/\/caritasrwanda.org\/fr\/wp-json\/wp\/v2\/media\/14812"}],"wp:attachment":[{"href":"https:\/\/caritasrwanda.org\/fr\/wp-json\/wp\/v2\/media?parent=14811"}],"wp:term":[{"taxonomy":"category","embeddable":true,"href":"https:\/\/caritasrwanda.org\/fr\/wp-json\/wp\/v2\/categories?post=14811"},{"taxonomy":"post_tag","embeddable":true,"href":"https:\/\/caritasrwanda.org\/fr\/wp-json\/wp\/v2\/tags?post=14811"}],"curies":[{"name":"wp","href":"https:\/\/api.w.org\/{rel}","templated":true}]}}