{"id":14792,"date":"2022-08-23T22:09:12","date_gmt":"2022-08-23T22:09:12","guid":{"rendered":"https:\/\/caritasrwanda.org\/fr\/?p=14792"},"modified":"2023-02-09T10:50:52","modified_gmt":"2023-02-09T10:50:52","slug":"opinion-caritas-rwanda-redonne-de-lespoir-aux-citoyens-du-district-de-karongi-2","status":"publish","type":"post","link":"https:\/\/caritasrwanda.org\/fr\/opinion-caritas-rwanda-redonne-de-lespoir-aux-citoyens-du-district-de-karongi-2\/","title":{"rendered":"OPINION: Caritas Rwanda redonne de l&#8217;espoir aux citoyens du district de Karongi"},"content":{"rendered":"<p><span style=\"font-weight: 400;\">Comme la pauvre veuve de l&#8217;Evangile qui offre deux petites pi\u00e8ces de monnaie en cuivre (Mc 12:41), Caritas Rwanda, malgr\u00e9 ses moyens et son personnel limit\u00e9s, continue de plaider et d&#8217;apporter sa petite contribution pour soulager les difficult\u00e9s que les personnes les plus vuln\u00e9rables traversent sur tous ses r\u00e9seaux. C&#8217;est le cas du district de Karongi o\u00f9 se d\u00e9roule un projet \u2018\u2019Tube Aheza, Amazi Hafi\u2019\u2019 cofinanc\u00e9 par le minist\u00e8re slov\u00e8ne des Affaires \u00e9trang\u00e8res et Caritas Slov\u00e9nie. Le projet Tube Aheza, Amazi Hafi a d\u00e9but\u00e9 en 2019 en tant que contribution de Caritas Rwanda pour relever les d\u00e9fis pos\u00e9s par le COVID-19.<\/span><\/p>\n<p><span style=\"font-weight: 400;\">Ce projet compte 1450 b\u00e9n\u00e9ficiaires et est mis en \u0153uvre par Caritas Nyundo\/ Kibuye sous la supervision et la coordination de Caritas Rwanda. Le projet contribue \u00e0 une infrastructure hydraulique ad\u00e9quate et \u00e0 une capacit\u00e9 de gestion durable pour la population vuln\u00e9rable des secteurs de Gashari, Mutuntu, Rugabano et Rwankuba. Deux syst\u00e8mes d&#8217;approvisionnement en eau sont en cours de r\u00e9habilitation et aideront les communaut\u00e9s locales \u00e0 acc\u00e9der \u00e0 l&#8217;eau potable. De m\u00eame, 20 stations de lavage des mains et 4 kiosques \u00e0 eau ont \u00e9t\u00e9 construits dans toutes les zones de couverture du projet.<\/span><\/p>\n<p><span style=\"font-weight: 400;\">Malgr\u00e9 la construction et la r\u00e9habilitation des syst\u00e8mes d&#8217;approvisionnement en eau, Caritas Rwanda a offert son aide aux jeunes et aux adultes vuln\u00e9rables des quatre secteurs \u00e0 joindre les deux bouts. Le projet a mis en place des groupes communautaires d&#8217;\u00e9pargne et de pr\u00eat pour les b\u00e9n\u00e9ficiaires et \u00e0 travers ces groupes, les b\u00e9n\u00e9ficiaires \u00e9pargnent mais demandent \u00e9galement de petits pr\u00eats pour d\u00e9marrer de petites entreprises ou des activit\u00e9s g\u00e9n\u00e9ratrices de revenus apr\u00e8s avoir \u00e9t\u00e9 form\u00e9s \u00e0 la planification d&#8217;entreprise. Avec de petites entreprises allant de la vente de services comme Irembo, l&#8217;\u00e9levage d&#8217;animaux et les joints de nourriture et de boisson, les b\u00e9n\u00e9ficiaires acc\u00e8dent et se permettent des services socio-\u00e9conomiques tels que l&#8217;assurance maladie communautaire, les frais de scolarit\u00e9 et tout autre besoin de base connexe.<\/span><\/p>\n<p><span style=\"font-weight: 400;\">Dans le district de Karongi, comme c&#8217;est le cas ailleurs, Caritas Rwanda sympathise avec ceux qui n&#8217;ont pas suffisamment de nourriture pour r\u00e9pondre \u00e0 leurs besoins alimentaires, pour une vie productive et saine. Les petits agriculteurs qui d\u00e9pendaient de l&#8217;agriculture de subsistance et vivaient au jour le jour ont \u00e9t\u00e9 form\u00e9s par le projet sur les bonnes pratiques agricoles (BPA) vers une s\u00e9curit\u00e9 alimentaire durable. Gr\u00e2ce \u00e0 l&#8217;\u00e9cole d&#8217;apprentissage sur le terrain des agriculteurs (FFLS), les b\u00e9n\u00e9ficiaires du projet ont \u00e9t\u00e9 form\u00e9s aux bonnes pratiques agricoles et ont re\u00e7u des animaux d&#8217;\u00e9levage pour le fumier, des semences am\u00e9lior\u00e9es et des arbres fruitiers. Outre le fumier, les petits animaux sont \u00e9galement une source de revenu suppl\u00e9mentaire.<\/span><\/p>\n<p><span style=\"font-weight: 400;\">Un tel projet est un rappel qu&#8217;il n&#8217;y a rien qu&#8217;une petite contribution pour accompagner et donner de l&#8217;espoir \u00e0 beaucoup. L&#8217;accompagnement de Caritas Rwanda est stimul\u00e9 par la solidarit\u00e9 et l&#8217;engagement, en particulier des plus petits parmi nous. Accompagner les pauvres ne signifie pas prendre en charge leurs luttes ou leurs difficult\u00e9s, mais les aider \u00e0 prendre pied sur l&#8217;\u00e9chelle qui monte vers l&#8217;autonomie. L&#8217;engagement, d&#8217;autre part, consiste \u00e0 inspirer les b\u00e9n\u00e9ficiaires \u00e0 agir sans leur enlever le libre arbitre. Les b\u00e9n\u00e9ficiaires du projet Tube Aheza,&#8217;Amazi Hafi ont eu un aper\u00e7u du ciel. Qui sait, un jour ils voleront peut-\u00eatre !<\/span><\/p>\n","protected":false},"excerpt":{"rendered":"<p>On the 3rd of June, the steering committee meeting of the Slovenia Government and Karitas Slovenija-funded Tube Aheza, Amazi Hafi Project was held at Home Saint-Jean. The meeting was graced by the Karongi district Vice Mayor in charge of Finance and Economic Development Mr NIRAGIRE Th\u00e9ophile, Mr NIYONSABA Cyriack, the Executive Secretary of the Rugabano sector and priests from the Gisovu, Nyange and Mukungu parishes located in the sectors<\/p>\n","protected":false},"author":1,"featured_media":14793,"comment_status":"open","ping_status":"open","sticky":false,"template":"","format":"standard","meta":{"footnotes":""},"categories":[30],"tags":[7,10],"class_list":["post-14792","post","type-post","status-publish","format-standard","has-post-thumbnail","hentry","category-news","tag-business","tag-travel"],"_links":{"self":[{"href":"https:\/\/caritasrwanda.org\/fr\/wp-json\/wp\/v2\/posts\/14792","targetHints":{"allow":["GET"]}}],"collection":[{"href":"https:\/\/caritasrwanda.org\/fr\/wp-json\/wp\/v2\/posts"}],"about":[{"href":"https:\/\/caritasrwanda.org\/fr\/wp-json\/wp\/v2\/types\/post"}],"author":[{"embeddable":true,"href":"https:\/\/caritasrwanda.org\/fr\/wp-json\/wp\/v2\/users\/1"}],"replies":[{"embeddable":true,"href":"https:\/\/caritasrwanda.org\/fr\/wp-json\/wp\/v2\/comments?post=14792"}],"version-history":[{"count":1,"href":"https:\/\/caritasrwanda.org\/fr\/wp-json\/wp\/v2\/posts\/14792\/revisions"}],"predecessor-version":[{"id":14794,"href":"https:\/\/caritasrwanda.org\/fr\/wp-json\/wp\/v2\/posts\/14792\/revisions\/14794"}],"wp:featuredmedia":[{"embeddable":true,"href":"https:\/\/caritasrwanda.org\/fr\/wp-json\/wp\/v2\/media\/14793"}],"wp:attachment":[{"href":"https:\/\/caritasrwanda.org\/fr\/wp-json\/wp\/v2\/media?parent=14792"}],"wp:term":[{"taxonomy":"category","embeddable":true,"href":"https:\/\/caritasrwanda.org\/fr\/wp-json\/wp\/v2\/categories?post=14792"},{"taxonomy":"post_tag","embeddable":true,"href":"https:\/\/caritasrwanda.org\/fr\/wp-json\/wp\/v2\/tags?post=14792"}],"curies":[{"name":"wp","href":"https:\/\/api.w.org\/{rel}","templated":true}]}}