{"id":14789,"date":"2022-08-27T22:59:18","date_gmt":"2022-08-27T22:59:18","guid":{"rendered":"https:\/\/caritasrwanda.org\/fr\/?p=14789"},"modified":"2023-02-09T09:25:15","modified_gmt":"2023-02-09T09:25:15","slug":"reunion-de-co-creation-organisee-par-caritas-rwanda-et-le-district-de-rutsiro-pour-ameliorer-les-services-relatifs-a-la-mise-en-oeuvre-du-programme-igire-gimbuka","status":"publish","type":"post","link":"https:\/\/caritasrwanda.org\/fr\/reunion-de-co-creation-organisee-par-caritas-rwanda-et-le-district-de-rutsiro-pour-ameliorer-les-services-relatifs-a-la-mise-en-oeuvre-du-programme-igire-gimbuka\/","title":{"rendered":"R\u00e9union de co-cr\u00e9ation organis\u00e9e par Caritas Rwanda et le district de Rutsiro pour am\u00e9liorer les services relatifs \u00e0 la mise en \u0153uvre du programme IGIRE-Gimbuka"},"content":{"rendered":"<p><span style=\"font-weight: 400;\">Conform\u00e9ment \u00e0 l&#8217;accord de coop\u00e9ration conclu entre Caritas Rwanda et l&#8217;USAID concernant la mise en \u0153uvre de l&#8217;activit\u00e9 THRIVE Orphans and Vulnerable Children (OVC) \/ (IGIRE-Gimbuka) pour une p\u00e9riode de cinq ans \u00e0 compter du 10 ao\u00fbt 2022, et couvrant les districts de Karongi, Nyamasheke, Rubavu et Rutsiro, Caritas Rwanda a organis\u00e9 un atelier consultatif d&#8217;une journ\u00e9e avec ses partenaires dans le district de Rutsiro le 29 ao\u00fbt 2022.<\/span><\/p>\n<p><span style=\"font-weight: 400;\">L&#8217;objectif principal de l&#8217;\u00e9v\u00e9nement \u00e9tait de pr\u00e9senter le nouveau programme IGIRE-Gimbuka aux partenaires du district afin de d\u00e9marrer ensemble la phase de la mis-en-oeuvre du programme, d&#8217;avoir un accord sur l&#8217;implication de chacun dans l&#8217;am\u00e9lioration des services VIH\/VBG et de trouver ensemble des moyens d\u2019ameliorer la qualit\u00e9 de vie pour les Orphelins et les Enfants Vuln\u00e9rables (OEV), affect\u00e9s\/infect\u00e9s par le VIH\/SIDA, ainsi que leurs familles respectifs.<\/span><\/p>\n<p><span style=\"font-weight: 400;\">Nirere Nkurikiyinka Etienne, directeur de la sant\u00e9 au district de Rutsiro a, lors du discours d&#8217;ouverture de l&#8217;\u00e9v\u00e9nement, rappel\u00e9 aux participants de toujours observer les pratiques saines pour vivre en s\u00e9curit\u00e9 et plus longtemps.<\/span><\/p>\n<p><span style=\"font-weight: 400;\">Parmi 31 participants compos\u00e9s de jeunes, de parents\/tuteurs, de RRP+ et de repr\u00e9sentants de volontaires communautaires, Caritas Rwanda a recueilli des informations importantes pour \u00e9clairer le plan de travail et la mise en \u0153uvre de l&#8217;IGIRE-Gimbuka dans les domaines de la pr\u00e9vention de la VBG et du soutien aux victimes, l&#8217;Interruption de traitement (IIT ) et les d\u00e9fis de grossesses chez les adolescentes.<\/span><\/p>\n<p><span style=\"font-weight: 400;\">La r\u00e9union a \u00e9galement pr\u00e9sent\u00e9 des solutions pour l&#8217;am\u00e9lioration du courant et les participants ont soulign\u00e9 l&#8217;importance d&#8217;avoir une solution int\u00e9gr\u00e9e avec la participation \u00e0 tous les niveaux, de la famille \u00e0 la communaut\u00e9\/soci\u00e9t\u00e9, des dirigeants locaux aux\u00a0 d\u00e9cideurs de haut niveau, des services de sant\u00e9 aux services juridiques, parmi les autres. Les r\u00e9sultats de l&#8217;atelier seront \u00e9galement appliqu\u00e9s aux 3 autres districts de la couverture du programme IGIRE-Gimbuka (Karongi, Nyamasheke et Rubavu).<\/span><\/p>\n<p><span style=\"font-weight: 400;\">L&#8217;\u00e9v\u00e9nement fut un succ\u00e8s et a \u00e9t\u00e9 tr\u00e8s appr\u00e9ci\u00e9 par les partenaires et les parties prenantes, notamment M. Esron NIYONSABA,\u00a0 sp\u00e9cialiste des programmes pour Orphelins et\u00a0 Enfants Vuln\u00e9rables (OEV) au sein de l&#8217;USAID, le repr\u00e9sentant du responsable de l&#8217;accord (AOR) affect\u00e9 \u00e0 Caritas Rwanda IGIRE-Gimbuka et Teddy KABERUKA, Repr\u00e9sentant de PACT- ACHIEVE et Directeur MEL.<\/span><\/p>\n<p>Quant \u00e0 Uwiringiyimana Agn\u00e8s, la b\u00e9n\u00e9ficiaire provenant de la communaut\u00e9 d&#8217;accueil, a d\u00e9clar\u00e9 qu&#8217;avant d&#8217;\u00eatre inscrite, elle avait une petite boutique avec quelques articles (avec un capital de 200 000 Frw), mais qu\u2019elle et sa famille vivaient dans la pauvret\u00e9. Apr\u00e8s la formation, elle a re\u00e7u du Projet de Graduation un soutien financier de 800 000 Frw qui lui a permis d&#8217;agrandir sa boutique qui a aujourd\u2019hui \u00a0la valeur de plus de 1 500 000 Frw \u00a0a-t-elle affirm\u00e9.<\/p>\n<p>Le projet Graduation est mis en \u0153uvre par Caritas Rwanda sous le financement du Haut-Commissariat des Nations Unies pour les r\u00e9fugi\u00e9s (UNHCR).<\/p>\n","protected":false},"excerpt":{"rendered":"<p>On the 3rd of June, the steering committee meeting of the Slovenia Government and Karitas Slovenija-funded Tube Aheza, Amazi Hafi Project was held at Home Saint-Jean. The meeting was graced by the Karongi district Vice Mayor in charge of Finance and Economic Development Mr NIRAGIRE Th\u00e9ophile, Mr NIYONSABA Cyriack, the Executive Secretary of the Rugabano sector and priests from the Gisovu, Nyange and Mukungu parishes located in the sectors<\/p>\n","protected":false},"author":1,"featured_media":14790,"comment_status":"open","ping_status":"open","sticky":false,"template":"","format":"standard","meta":{"footnotes":""},"categories":[30],"tags":[7,10],"class_list":["post-14789","post","type-post","status-publish","format-standard","has-post-thumbnail","hentry","category-news","tag-business","tag-travel"],"_links":{"self":[{"href":"https:\/\/caritasrwanda.org\/fr\/wp-json\/wp\/v2\/posts\/14789","targetHints":{"allow":["GET"]}}],"collection":[{"href":"https:\/\/caritasrwanda.org\/fr\/wp-json\/wp\/v2\/posts"}],"about":[{"href":"https:\/\/caritasrwanda.org\/fr\/wp-json\/wp\/v2\/types\/post"}],"author":[{"embeddable":true,"href":"https:\/\/caritasrwanda.org\/fr\/wp-json\/wp\/v2\/users\/1"}],"replies":[{"embeddable":true,"href":"https:\/\/caritasrwanda.org\/fr\/wp-json\/wp\/v2\/comments?post=14789"}],"version-history":[{"count":1,"href":"https:\/\/caritasrwanda.org\/fr\/wp-json\/wp\/v2\/posts\/14789\/revisions"}],"predecessor-version":[{"id":14791,"href":"https:\/\/caritasrwanda.org\/fr\/wp-json\/wp\/v2\/posts\/14789\/revisions\/14791"}],"wp:featuredmedia":[{"embeddable":true,"href":"https:\/\/caritasrwanda.org\/fr\/wp-json\/wp\/v2\/media\/14790"}],"wp:attachment":[{"href":"https:\/\/caritasrwanda.org\/fr\/wp-json\/wp\/v2\/media?parent=14789"}],"wp:term":[{"taxonomy":"category","embeddable":true,"href":"https:\/\/caritasrwanda.org\/fr\/wp-json\/wp\/v2\/categories?post=14789"},{"taxonomy":"post_tag","embeddable":true,"href":"https:\/\/caritasrwanda.org\/fr\/wp-json\/wp\/v2\/tags?post=14789"}],"curies":[{"name":"wp","href":"https:\/\/api.w.org\/{rel}","templated":true}]}}