{"id":14631,"date":"2022-10-10T11:12:02","date_gmt":"2022-10-10T11:12:02","guid":{"rendered":"https:\/\/spiderbit.rw\/workspace\/caritasrwanda\/?p=14631"},"modified":"2023-01-23T14:19:58","modified_gmt":"2023-01-23T14:19:58","slug":"caritas-rwanda-a-travers-le-projet-gimbuka-de-lusaid-a-recompense-165-jeunes-beneficiaires-lors-de-la-journee-mondiale-de-lenfant-africain","status":"publish","type":"post","link":"https:\/\/caritasrwanda.org\/fr\/caritas-rwanda-a-travers-le-projet-gimbuka-de-lusaid-a-recompense-165-jeunes-beneficiaires-lors-de-la-journee-mondiale-de-lenfant-africain\/","title":{"rendered":"Caritas Rwanda \u00e0 travers le projet Gimbuka de l&#8217;USAID a r\u00e9compens\u00e9 165 jeunes b\u00e9n\u00e9ficiaires lors de la Journ\u00e9e Mondiale de l&#8217;Enfant Africain"},"content":{"rendered":"<p><span style=\"font-weight: 400;\">Caritas Rwanda a c\u00e9l\u00e9br\u00e9 la Journ\u00e9e mondiale de l&#8217;enfant africain dans les districts de Nyamasheke, Rusizi, Karongi, Rubavu et Rutsiro. Organis\u00e9s par le programme USAID Gimbuka dans les zones de couverture ci-dessus, les \u00e9v\u00e9nements ont r\u00e9uni des milliers d&#8217;enfants et d&#8217;\u00e9tudiants des \u00e9coles secondaires, des hauts fonctionnaires des districts, le personnel ainsi que les partenaires du projet.<\/span><\/p>\n<p><span style=\"font-weight: 400;\">La Journ\u00e9e mondiale de l&#8217;enfant africain est c\u00e9l\u00e9br\u00e9e le 16 juin de chaque ann\u00e9e depuis 1991, date \u00e0 laquelle elle a \u00e9t\u00e9 lanc\u00e9e pour la premi\u00e8re fois par l&#8217;Organisation de l&#8217;Union Africaine (OUA). Il rend hommage \u00e0 ceux qui ont particip\u00e9 aux \u00e9meutes de Soweto en 1976 ce jour-l\u00e0 et sensibilise \u00e9galement \u00e0 la n\u00e9cessit\u00e9 continue d&#8217;am\u00e9liorer l&#8217;\u00e9ducation dispens\u00e9e aux enfants africains.<\/span><\/p>\n<p><span style=\"font-weight: 400;\">Le programme USAID Gimbuka, en collaboration avec les districts de Nyamasheke, Rusizi, Karongi, Rubavu et Rutsiro, a organis\u00e9 un \u00e9v\u00e9nement de c\u00e9l\u00e9bration de la Journ\u00e9e de l&#8217;Enfant Africain dans ces districts respectifs. L&#8217;\u00e9v\u00e9nement fut aussi l\u2019occasion de c\u00e9l\u00e9brer les r\u00e9alisations des b\u00e9n\u00e9ficiaires du programme et l&#8217;une des principales activit\u00e9s de la journ\u00e9e a \u00e9t\u00e9 la c\u00e9r\u00e9monie de remise des prix aux b\u00e9n\u00e9ficiaires du programme USAID Gimbuka qui viennent d&#8217;\u00eatre dipl\u00f4m\u00e9s du programme.<\/span><\/p>\n<p><span style=\"font-weight: 400;\">Dans son allocution, le Coordinateur du programme Gimbuka dans les districts de Rusizi et Nyamasheke, Eric Rukundo a appr\u00e9ci\u00e9 les efforts investis par les b\u00e9n\u00e9ficiaires du programme et le soutien des districts pour faciliter leur processus d&#8217;apprentissage et de croissance. Mme Athanasie Mukankusi, vice-maire charg\u00e9e des affaires sociales, a rappel\u00e9 \u00e0 l&#8217;auditoire l&#8217;importance de l&#8217;autonomisation des enfants, qui seront les futurs dirigeants du Rwanda et a f\u00e9licit\u00e9 le programme USAID Gimbuka pour avoir fa\u00e7onn\u00e9 la prochaine g\u00e9n\u00e9ration de dirigeants fiables et de piliers de la soci\u00e9t\u00e9, gr\u00e2ce \u00e0 la promotion des TVET pour jeunesse rwandaise.<\/span><\/p>\n<p><span style=\"font-weight: 400;\">Le programme USAID Gimbuka soutient financi\u00e8rement les \u00e9tudiants dans diverses disciplines des TVET, notamment : La plomberie, la m\u00e9canique automobile, la ma\u00e7onnerie, la couture,la soudure et l&#8217;\u00e9lectricit\u00e9. Au total, 165 \u00e9tudiants ont re\u00e7u des kits de d\u00e9marrage compte tenu de leurs \u00e9tudes TVET, respectivement, comme suit : 21 \u00e9tudiants \u00e0 Karongi, 22 \u00e9tudiants \u00e0 Nyamasheke, 14 \u00e9tudiants \u00e0 Rubavu, 21 \u00e9tudiants \u00e0 Rusizi et 22 \u00e9tudiants \u00e0 Rutsiro.<\/span><\/p>\n<p><span style=\"font-weight: 400;\">\u2018\u2019Recevoir ces mat\u00e9riaux de d\u00e9marrage m\u2019aidera \u00e0 obtenir un bon travail maintenant que je viens d\u2019obtenir mon dipl\u00f4me\u2019\u2019. raconte Robertine Nyirampawenimana, dipl\u00f4m\u00e9e en plomberie. \u2018\u2019Je suis reconnaissant au programme Gimbuka d\u2019avoir cru en moi, d\u2019avoir pay\u00e9 mes frais de scolarit\u00e9 et de m\u2019avoir obtenu un stage pour approfondir mes connaissances\u2019\u2019. A-t-elle ajout\u00e9.<\/span><\/p>\n<p><span style=\"font-weight: 400;\">Les b\u00e9n\u00e9ficiaires de l&#8217;USAID Gimbuka ont \u00e9t\u00e9 remis leurs kits de d\u00e9marrage par les responsables de district, des repr\u00e9sentants de la Police Nationale du Rwanda au niveau des districts, les coordonnateurs du programme de l&#8217;USAID parmi d&#8217;autres dirigeants et partenaires.<\/span><\/p>\n<p><span style=\"font-weight: 400;\">Le Comit\u00e9 africain d&#8217;experts sur les droits et le bien-\u00eatre de l&#8217;enfant ((The Committee\/ ACERWC), \u00e9tabli conform\u00e9ment aux articles 32 et 33 de la Charte africaine des droits et du bien-\u00eatre de l&#8217;enfant (la Charte\/ACRWC) s\u00e9lectionn\u00e9 : \u00ab \u00c9limination des pratiques n\u00e9fastes affectant les enfants : progr\u00e8s en mati\u00e8re de politiques et de pratiques depuis 2013 \u00bb comme th\u00e8me de la comm\u00e9moration du CAD en 2022, qui est principalement de rappeler les lyc\u00e9ens de Soweto en 1976 qui ont commenc\u00e9 \u00e0 protester contre l&#8217;\u00e9ducation inspir\u00e9e par l&#8217;apartheid, entra\u00eenant ainsi l&#8217;assassinat public de ces jeunes non arm\u00e9s manifestants par des policiers sud-africains.<\/span><\/p>\n<p><span style=\"font-weight: 400;\">La Journ\u00e9e de l&#8217;Enfant Africain 2022 offre en outre l&#8217;occasion d&#8217;examiner l&#8217;\u00e9tat des pratiques n\u00e9fastes affectant les enfants en Afrique en mettant en \u00e9vidence les probl\u00e8mes auxquels les enfants africains sont confront\u00e9s dans leur vie quotidienne en raison des pratiques n\u00e9fastes, et d&#8217;\u00e9valuer o\u00f9 nous en sommes quant \u00e0 la protection et assistance aux enfants \u00e0 risque et victimes de pratiques n\u00e9fastes en Afrique. Caritas Rwanda valorise les enfants et estime que les enfants doivent \u00eatre pris en charge, prot\u00e9g\u00e9s et autonomis\u00e9s et cela a \u00e9t\u00e9 l&#8217;un des principales missions du projet Gimbuka financ\u00e9 par l&#8217;USAID et mis en \u0153uvre par Caritas Rwanda au cours des 10 derni\u00e8res ann\u00e9es.<\/span><\/p>\n<p>&nbsp;<\/p>\n","protected":false},"excerpt":{"rendered":"<p>On the 3rd of June, the steering committee meeting of the Slovenia Government and Karitas Slovenija-funded Tube Aheza, Amazi Hafi Project was held at Home Saint-Jean. The meeting was graced by the Karongi district Vice Mayor in charge of Finance and Economic Development Mr NIRAGIRE Th\u00e9ophile, Mr NIYONSABA Cyriack, the Executive Secretary of the Rugabano sector and priests from the Gisovu, Nyange and Mukungu parishes located in the sectors<\/p>\n","protected":false},"author":1,"featured_media":14635,"comment_status":"open","ping_status":"open","sticky":false,"template":"","format":"standard","meta":{"footnotes":""},"categories":[30],"tags":[7,10],"class_list":["post-14631","post","type-post","status-publish","format-standard","has-post-thumbnail","hentry","category-news","tag-business","tag-travel"],"_links":{"self":[{"href":"https:\/\/caritasrwanda.org\/fr\/wp-json\/wp\/v2\/posts\/14631","targetHints":{"allow":["GET"]}}],"collection":[{"href":"https:\/\/caritasrwanda.org\/fr\/wp-json\/wp\/v2\/posts"}],"about":[{"href":"https:\/\/caritasrwanda.org\/fr\/wp-json\/wp\/v2\/types\/post"}],"author":[{"embeddable":true,"href":"https:\/\/caritasrwanda.org\/fr\/wp-json\/wp\/v2\/users\/1"}],"replies":[{"embeddable":true,"href":"https:\/\/caritasrwanda.org\/fr\/wp-json\/wp\/v2\/comments?post=14631"}],"version-history":[{"count":5,"href":"https:\/\/caritasrwanda.org\/fr\/wp-json\/wp\/v2\/posts\/14631\/revisions"}],"predecessor-version":[{"id":14762,"href":"https:\/\/caritasrwanda.org\/fr\/wp-json\/wp\/v2\/posts\/14631\/revisions\/14762"}],"wp:featuredmedia":[{"embeddable":true,"href":"https:\/\/caritasrwanda.org\/fr\/wp-json\/wp\/v2\/media\/14635"}],"wp:attachment":[{"href":"https:\/\/caritasrwanda.org\/fr\/wp-json\/wp\/v2\/media?parent=14631"}],"wp:term":[{"taxonomy":"category","embeddable":true,"href":"https:\/\/caritasrwanda.org\/fr\/wp-json\/wp\/v2\/categories?post=14631"},{"taxonomy":"post_tag","embeddable":true,"href":"https:\/\/caritasrwanda.org\/fr\/wp-json\/wp\/v2\/tags?post=14631"}],"curies":[{"name":"wp","href":"https:\/\/api.w.org\/{rel}","templated":true}]}}