{"id":10987,"date":"2019-06-13T08:48:51","date_gmt":"2019-06-13T08:48:51","guid":{"rendered":"https:\/\/liviza-demo.pbminfotech.com\/?p=10987"},"modified":"2023-01-23T13:07:44","modified_gmt":"2023-01-23T13:07:44","slug":"mois-de-la-charite-et-de-lamour-le-moment-ideal-pour-se-sanctifier-par-des-actes-damour","status":"publish","type":"post","link":"https:\/\/caritasrwanda.org\/fr\/mois-de-la-charite-et-de-lamour-le-moment-ideal-pour-se-sanctifier-par-des-actes-damour\/","title":{"rendered":"Mois de la Charit\u00e9 et de l&#8217;Amour : Le moment id\u00e9al pour se sanctifier par des actes d&#8217;amour"},"content":{"rendered":"<p><b>Mois de la Charit\u00e9 et de l&#8217;Amour : Le moment id\u00e9al pour se sanctifier par des actes d&#8217;amour<\/b><\/p>\n<p><span style=\"font-weight: 400;\">&#8220;Celui qui a un \u0153il compatissant sera b\u00e9ni, car il rompt son pain et le donne aux pauvres&#8221; (Proverbes 22,9). Le Mois de la Charit\u00e9 et de l&#8217;Amour est le temps que l&#8217;\u00c9glise Catholique au Rwanda a r\u00e9serv\u00e9 aux chr\u00e9tiens catholiques en particulier, ainsi qu&#8217;\u00e0 toute autre personne de bon c\u0153ur, pour se sanctifier par des actes d&#8217;amour.<\/span><\/p>\n<p><span style=\"font-weight: 400;\">L&#8217;\u00c9glise Catholique au Rwanda veut que le mois de la Charit\u00e9 et de l&#8217;Amour soit le huiti\u00e8me mois de chaque ann\u00e9e parce que c&#8217;est le mois de la r\u00e9colte au Rwanda, ce qui\u00a0 permet aux chr\u00e9tiens de pouvoir partager ce qu&#8217;ils ont avec les pauvres. C&#8217;est au cours de ce mois que la Caritas Rwandaise se construit et s&#8217;appuie principalement sur les capacit\u00e9s des chr\u00e9tiens.<\/span><\/p>\n<p><span style=\"font-weight: 400;\">Le Mois de la Charit\u00e9 et de l&#8217;Amour a \u00e9t\u00e9 \u00e9tabli lors de la r\u00e9union de l&#8217;Assembl\u00e9e g\u00e9n\u00e9rale de Caritas Rwanda qui s&#8217;est r\u00e9unie en D\u00e9cembre 1997. Il a \u00e9t\u00e9 annonc\u00e9 \u00e0 toutes les paroisses au mois de Juillet 1998 que durant le mois suivant, il devrait y avoir des activit\u00e9s visant \u00e0 aider les personnes souffrantes afin d&#8217;emp\u00eacher la culture de la mendicit\u00e9. Ceci est conforme au commandement du Seigneur J\u00e9sus o\u00f9 il dit : \u00ab Donnez-leur vous-m\u00eames \u00e0 manger \u00bb (Matthieu 14, 16).<\/span><\/p>\n<p><span style=\"font-weight: 400;\">Cela fait d\u00e9sormais partie de la tradition des chr\u00e9tiens catholiques au Rwanda que, durant ce mois d&#8217;Ao\u00fbt, un sacrifice pour aider les personnes en cas de besoins au Rwanda ou \u00e0 l&#8217;\u00e9tranger est requis.<\/span><\/p>\n<p><span style=\"font-weight: 400;\">En ce mois de la Charit\u00e9 et de l&#8217;Amour, les chr\u00e9tiens catholiques et les autres personnes de bon c\u0153ur sont invit\u00e9s \u00e0 pr\u00eacher l&#8217;\u00c9vangile de l&#8217;amour de J\u00e9sus-Christ et \u00e0 se joindre \u00e0 d&#8217;autres pour accomplir des actes de charit\u00e9 tels que l&#8217;aide aux n\u00e9cessiteux, la visite des malades et des prisonniers, l&#8217;\u00e9coute et le conseil des tristes et d\u00e9prim\u00e9s, et d&#8217;autres actes y compris pr\u00eater main-forte \u00e0 ceux qui sont en danger .<\/span><\/p>\n<p><span style=\"font-weight: 400;\">Pour collecter des fonds pour les pauvres et les n\u00e9cessiteux, il ne faut pas seulement de l&#8217;argent. Il y a un besoin de divers mat\u00e9riaux, y compris des v\u00eatements, des articles m\u00e9nagers, des produits de nettoyage et tout ce qu&#8217;une personne peut trouver et qui serait utile \u00e0 ceux qui en ont besoin.<\/span><\/p>\n<p><span style=\"font-weight: 400;\">Comme nous le rappelle l&#8217;\u00c9vangile dans Matthieu 25, 35-40 : &#8221;Car j&#8217;avais faim et vous m&#8217;avez donn\u00e9 \u00e0 manger, j&#8217;avais soif et vous m&#8217;avez donn\u00e9 \u00e0 boire, j&#8217;\u00e9tais un \u00e9tranger et vous m&#8217;avez invit\u00e9 \u00e0 entrer, j&#8217;avais besoin v\u00eatements et vous m&#8217;avez habill\u00e9, j&#8217;\u00e9tais malade et vous vous \u00eates occup\u00e9 de moi, j&#8217;\u00e9tais en prison et vous \u00eates venu me visiter\u2019\u2019). Cette parole de Dieu accompagnera la personne qui veut se sanctifier devant Dieu, lorsqu&#8217;elle quittera cette vie sur Terre.<\/span><\/p>\n<p><span style=\"font-weight: 400;\">L&#8217;Evangile nous encourage aussi \u00e0 nous donner pour aider ceux qui souffrent, dans le passage Luc 6,36 qui dit : &#8220;Soyez mis\u00e9ricordieux comme votre P\u00e8re c\u00e9leste est mis\u00e9ricordieux&#8221;\u00a0 et\u00a0 &#8220;Celui qui donne est plus heureux que celui qui re\u00e7oit&#8221;. Actes des Ap\u00f4tres 20.35.<\/span><\/p>\n<p><span style=\"font-weight: 400;\">Le mois de la Charit\u00e9 et de l&#8217;Amour est donc l&#8217;occasion de manifester notre foi dans les actes d&#8217;amour. Les contributions de toutes les paroisses sont r\u00e9parties comme suit : Caritas Paroissiale en garde un quart (1\/4) pour aider les pauvres et les n\u00e9cessiteux de la paroisse, et les trois quarts (3\/4) sont partag\u00e9s entre Caritas Dioc\u00e9saine et Caritas Rwanda \u00e0 parts \u00e9gales comme moyen de soutenir les n\u00e9cessiteux.<\/span><\/p>\n<p><span style=\"font-weight: 400;\">\u00c0 tous les niveaux de l&#8217;\u00c9glise, les contributions mis-ensemble aident les \u00e9tudiants d\u00e9favoris\u00e9s dans leurs \u00e9tudes, ceux qui ont fait face \u00e0 diverses catastrophes, ceux qui n&#8217;ont pas d&#8217;abri, ceux qui n&#8217;ont pas de repas quotidiens, ceux qui ne peuvent pas se faire soigner, entre autres.<\/span><\/p>\n<p><span style=\"font-weight: 400;\">Ainsi, en plus d&#8217;un soutien mat\u00e9riel et financier, le mois de la Charit\u00e9 et de l&#8217;Amour est l&#8217;occasion de soutenir les n\u00e9cessiteux de diverses mani\u00e8res, notamment : en leur rendant visite et en les aidant \u00e0 sortir de l&#8217;isolement, en visitant les malades dans les h\u00f4pitaux, en visitant les prisonniers, etc.<\/span><\/p>\n<p><span style=\"font-weight: 400;\">Dans les efforts pour aider les pauvres et les n\u00e9cessiteux, il n&#8217;y a pas de discrimination, tous ceux qui ont besoin d&#8217;aide sont contact\u00e9s, sans distinction de religion, de langue, de couleur nationale ou de lieu d&#8217;origine.<\/span><\/p>\n<p><span style=\"font-weight: 400;\">Il est tr\u00e8s important de faire preuve de compassion, en aidant nos voisins et toute autre personne qui requiert notre aide, qu&#8217;elles soient des connaissances ou non, qu&#8217;elles soient tristes, affam\u00e9es, malades sans personne pour s&#8217;occuper d&#8217;eux et cas d\u2019autre quelconque besoin. &#8220;Ce que vous avez fait \u00e0 l&#8217;un de mes humbles fr\u00e8res, c&#8217;est \u00e0 moi que vous l&#8217;avez fait&#8221; (MT 25,40).<\/span><\/p>\n","protected":false},"excerpt":{"rendered":"<p>\u2018\u2019Ufite ijisho rirebana impuhwe azahabwa umugisha, kuko agabanya ku mugati we, agaha umukene\u2019\u2019 (Imigani 22,9). Ukwezi k\u2019Urukundo n\u2019Impuhwe ni igihe Kiliziya Gatolika mu Rwanda yashyiriyeho umukirisitu Gatolika by\u2019umwihariko, ndetse n\u2019undi muntu wese w\u2019umutima mwiza, kugira\u00a0 ngo yitagatifuze binyuze mu bikorwa by\u2019urukundo.<\/p>\n","protected":false},"author":1,"featured_media":14755,"comment_status":"open","ping_status":"open","sticky":false,"template":"","format":"standard","meta":{"footnotes":""},"categories":[30],"tags":[],"class_list":["post-10987","post","type-post","status-publish","format-standard","has-post-thumbnail","hentry","category-news"],"_links":{"self":[{"href":"https:\/\/caritasrwanda.org\/fr\/wp-json\/wp\/v2\/posts\/10987","targetHints":{"allow":["GET"]}}],"collection":[{"href":"https:\/\/caritasrwanda.org\/fr\/wp-json\/wp\/v2\/posts"}],"about":[{"href":"https:\/\/caritasrwanda.org\/fr\/wp-json\/wp\/v2\/types\/post"}],"author":[{"embeddable":true,"href":"https:\/\/caritasrwanda.org\/fr\/wp-json\/wp\/v2\/users\/1"}],"replies":[{"embeddable":true,"href":"https:\/\/caritasrwanda.org\/fr\/wp-json\/wp\/v2\/comments?post=10987"}],"version-history":[{"count":6,"href":"https:\/\/caritasrwanda.org\/fr\/wp-json\/wp\/v2\/posts\/10987\/revisions"}],"predecessor-version":[{"id":14664,"href":"https:\/\/caritasrwanda.org\/fr\/wp-json\/wp\/v2\/posts\/10987\/revisions\/14664"}],"wp:featuredmedia":[{"embeddable":true,"href":"https:\/\/caritasrwanda.org\/fr\/wp-json\/wp\/v2\/media\/14755"}],"wp:attachment":[{"href":"https:\/\/caritasrwanda.org\/fr\/wp-json\/wp\/v2\/media?parent=10987"}],"wp:term":[{"taxonomy":"category","embeddable":true,"href":"https:\/\/caritasrwanda.org\/fr\/wp-json\/wp\/v2\/categories?post=10987"},{"taxonomy":"post_tag","embeddable":true,"href":"https:\/\/caritasrwanda.org\/fr\/wp-json\/wp\/v2\/tags?post=10987"}],"curies":[{"name":"wp","href":"https:\/\/api.w.org\/{rel}","templated":true}]}}